{"id":5705,"date":"2025-07-22T16:51:27","date_gmt":"2025-07-22T14:51:27","guid":{"rendered":"https:\/\/www.azimutbenetti.com\/?p=5705"},"modified":"2025-09-03T11:07:12","modified_gmt":"2025-09-03T09:07:12","slug":"giovanna-vitelli-riceve-il-premio-blu-livorno-per-la-valorizzazione-e-la-difesa-del-mare-e-dellacqua","status":"publish","type":"post","link":"https:\/\/www.azimutbenetti.com\/it\/giovanna-vitelli-riceve-il-premio-blu-livorno-per-la-valorizzazione-e-la-difesa-del-mare-e-dellacqua\/","title":{"rendered":"GIOVANNA VITELLI RICEVE IL PREMIO \u2018BLU LIVORNO\u2019 PER LA VALORIZZAZIONE E LA DIFESA DEL MARE E DELL\u2019ACQUA"},"content":{"rendered":"\n<div class=\"wp-block-group thor-maxwidth-lg is-layout-constrained wp-block-group-is-layout-constrained\">\n<h2 class=\"wp-block-heading\"><strong>Giovanna Vitelli, Presidente del Gruppo Azimut|Benetti, \u00e8 stata premiata dal Sindaco di Livorno per il suo significativo contributo allo sviluppo sostenibile dell\u2019economia del mare, tema centrale della Biennale del Mare e dell\u2019Acqua. Premiati anche la giornalista Donatella Bianchi e l\u2019architetto Carlo Ratti.<\/strong><\/h2>\n\n\n\n<div style=\"height:60px\" aria-hidden=\"true\" class=\"wp-block-spacer\"><\/div>\n\n\n\n<figure class=\"wp-block-image aligncenter size-full\"><img loading=\"lazy\" decoding=\"async\" width=\"2048\" height=\"1362\" src=\"https:\/\/www.azimutbenetti.com\/app\/uploads\/2025\/07\/Giovanna-Vitelli-vince-il-premio-Blu-Livorno.jpeg\" alt=\"\" class=\"wp-image-5701\" srcset=\"https:\/\/www.azimutbenetti.com\/app\/uploads\/2025\/07\/Giovanna-Vitelli-vince-il-premio-Blu-Livorno.jpeg 2048w, https:\/\/www.azimutbenetti.com\/app\/uploads\/2025\/07\/Giovanna-Vitelli-vince-il-premio-Blu-Livorno-600x399.jpeg 600w, https:\/\/www.azimutbenetti.com\/app\/uploads\/2025\/07\/Giovanna-Vitelli-vince-il-premio-Blu-Livorno-1440x958.jpeg 1440w, https:\/\/www.azimutbenetti.com\/app\/uploads\/2025\/07\/Giovanna-Vitelli-vince-il-premio-Blu-Livorno-1024x681.jpeg 1024w, https:\/\/www.azimutbenetti.com\/app\/uploads\/2025\/07\/Giovanna-Vitelli-vince-il-premio-Blu-Livorno-1536x1022.jpeg 1536w, https:\/\/www.azimutbenetti.com\/app\/uploads\/2025\/07\/Giovanna-Vitelli-vince-il-premio-Blu-Livorno-70x47.jpeg 70w, https:\/\/www.azimutbenetti.com\/app\/uploads\/2025\/07\/Giovanna-Vitelli-vince-il-premio-Blu-Livorno-1920x1277.jpeg 1920w\" sizes=\"auto, (max-width: 2048px) 100vw, 2048px\" \/><figcaption class=\"wp-element-caption\">Giovanna Vitelli, Presidente del Gruppo Azimut|Benetti, con Luca Salvetti, Sindaco di Livorno<\/figcaption><\/figure>\n\n\n\n<div style=\"height:60px\" aria-hidden=\"true\" class=\"wp-block-spacer\"><\/div>\n\n\n\n<p class=\"is-style-sans-with-animation has-small-font-size\">Giovanna Vitelli \u00e8 tra i protagonisti della prima edizione dei\u00a0<strong><em>Premi Blu Livorno<\/em><\/strong>, annunciati al termine della Biennale del Mare e dell\u2019Acqua e assegnati ufficialmente il 9 luglio con una cerimonia presso il Palazzo Comunale di Livorno, citt\u00e0 che ospita la pi\u00f9 grande sede del Cantiere Benetti.\u00a0\u00a0<\/p>\n\n\n\n<div style=\"height:60px\" aria-hidden=\"true\" class=\"wp-block-spacer\"><\/div>\n\n\n\n<p class=\"is-style-sans-with-animation has-small-font-size\">Il riconoscimento, consegnato dal\u00a0<strong>Sindaco Luca Salvetti<\/strong>\u00a0e dall\u2019<strong>Assessore alla Cultura Angela Rafanelli<\/strong>,\u00a0<strong>valorizza l\u2019impegno del Gruppo per la sostenibilit\u00e0 ambientale,<\/strong>\u00a0concretizzato in scelte strategiche e azioni mirate alla riduzione delle emissioni di CO\u2082. Il Gruppo Azimut|Benetti \u00e8 oggi il principale player della nautica da diporto per risultati ottenuti in questo ambito e vanta la pi\u00f9 ampia flotta\u00a0<em>low emission<\/em>\u00a0sul mercato. Un primato reso possibile da un percorso avviato oltre vent\u2019anni fa, che integra le migliori soluzioni tecnologiche \u2013 propulsioni ibrido-elettriche, carene ad alta efficienza ed uso esteso del carbonio \u2013 con l\u2019impiego di biodiesel HVO, combustibile alternativo ai derivati fossili.<\/p>\n\n\n\n<div style=\"height:60px\" aria-hidden=\"true\" class=\"wp-block-spacer\"><\/div>\n\n\n\n<p class=\"is-style-sans-with-animation has-small-font-size\">La Biennale del Mare e dell\u2019Acqua \u2013 Blu Livorno, nell\u2019ambito della quale sono stati conferiti i premi, \u00e8 una manifestazione organizzata dal Comune di Livorno e svoltasi lo scorso maggio. Il programma ha proposto una serie di eventi, laboratori e incontri dedicati a temi chiave quali la sostenibilit\u00e0, l\u2019erosione costiera, la gestione delle risorse idriche, l\u2019economia circolare e l\u2019innovazione blu.<\/p>\n\n\n\n<div style=\"height:60px\" aria-hidden=\"true\" class=\"wp-block-spacer\"><\/div>\n\n\n\n<p class=\"is-style-sans-with-animation has-small-font-size\">Gli altri due premiati sono\u00a0<strong>Donatella Bianchi<\/strong>,\u00a0<strong>giornalista e conduttrice televisiva<\/strong>, nota soprattutto per la trentennale conduzione del\u00a0<strong>programma TV Linea Blu<\/strong>, che \u00e8 stata anche presidente del WWF Italia e del Parco Nazionale delle Cinque Terre, e\u00a0<strong>Carlo Ratti<\/strong>,\u00a0<strong>architetto e urbanista<\/strong>, docente di Practice of Urban Technologies and Planning presso il Massachussets Institute of Technology (MIT) di Boston, dove dirige l\u2019MIT Senseable City Lab nonch\u00e9 professore ordinario al Politecnico di Milano dove insegna Strategic vision for the building engineering of the future.<\/p>\n\n\n\n<div style=\"height:60px\" aria-hidden=\"true\" class=\"wp-block-spacer\"><\/div>\n\n\n\n<p class=\"is-style-sans-with-animation has-small-font-size\"><strong>Giovanna Vitelli<\/strong>,\u00a0<strong>Presidente del Gruppo Azimut|Benetti<\/strong>, ha commentato:\u00a0<em>\u00abFu mio padre a scegliere Livorno e poi a portare la nostra azienda, e di conseguenza anche la realt\u00e0 cittadina, sul tetto del mondo. Dietro ogni nostro yacht c\u2019\u00e8 il lavoro di tante persone, e il nostro impegno \u00e8 continuare a generare valore e opportunit\u00e0 per il territorio, costruendo oggetti straordinari che incarnano il pi\u00f9 alto spirito e l\u2019eccellenza del Made in Italy\u00bb<\/em>.<\/p>\n\n\n\n<div style=\"height:60px\" aria-hidden=\"true\" class=\"wp-block-spacer\"><\/div>\n<\/div>\n\n\n\n<div class=\"wp-block-group thor-maxwidth-3xl is-layout-constrained wp-block-group-is-layout-constrained\">\n<h2 class=\"wp-block-heading is-style-default has-3-xl-font-size\">Potrebbe interessarti anche:<\/h2>\n\n\n\n<div style=\"height:60px\" aria-hidden=\"true\" class=\"wp-block-spacer\"><\/div>\n\n\n<div id=\"thor-posts-listblock_d77dd3e5cdbe8bcea7c6545eb64003ed\" class=\"thor-posts-list\">\n  <div class=\"grid-list four\">\n              <div>\n        <article class=\"teaser-post post-5797 post type-post status-publish format-standard has-post-thumbnail hentry category-news\">\n      <figure>\n      <a href=\"https:\/\/www.azimutbenetti.com\/it\/il-gruppo-azimutbenetti-si-aggiudica-gli-yacht-style-awards-2026\/\" title=\"Il Gruppo Azimut|benetti si aggiudica gli Yacht Style Awards 2026\">\n        <img decoding=\"async\" width=\"1440\" height=\"960\" src=\"https:\/\/www.azimutbenetti.com\/app\/uploads\/2026\/04\/Yacht-Style-Awards-Winner-2026-Most-Active-Global-Yacht-Group-Azimut-Benetti-Group-1-1440x960.jpg\" class=\"attachment-large size-large wp-post-image\" alt=\"\" loading=\"lazy\" srcset=\"https:\/\/www.azimutbenetti.com\/app\/uploads\/2026\/04\/Yacht-Style-Awards-Winner-2026-Most-Active-Global-Yacht-Group-Azimut-Benetti-Group-1-1440x960.jpg 1440w, https:\/\/www.azimutbenetti.com\/app\/uploads\/2026\/04\/Yacht-Style-Awards-Winner-2026-Most-Active-Global-Yacht-Group-Azimut-Benetti-Group-1-600x400.jpg 600w, https:\/\/www.azimutbenetti.com\/app\/uploads\/2026\/04\/Yacht-Style-Awards-Winner-2026-Most-Active-Global-Yacht-Group-Azimut-Benetti-Group-1-1024x683.jpg 1024w, https:\/\/www.azimutbenetti.com\/app\/uploads\/2026\/04\/Yacht-Style-Awards-Winner-2026-Most-Active-Global-Yacht-Group-Azimut-Benetti-Group-1-1536x1024.jpg 1536w, https:\/\/www.azimutbenetti.com\/app\/uploads\/2026\/04\/Yacht-Style-Awards-Winner-2026-Most-Active-Global-Yacht-Group-Azimut-Benetti-Group-1-70x47.jpg 70w, https:\/\/www.azimutbenetti.com\/app\/uploads\/2026\/04\/Yacht-Style-Awards-Winner-2026-Most-Active-Global-Yacht-Group-Azimut-Benetti-Group-1-1920x1280.jpg 1920w, https:\/\/www.azimutbenetti.com\/app\/uploads\/2026\/04\/Yacht-Style-Awards-Winner-2026-Most-Active-Global-Yacht-Group-Azimut-Benetti-Group-1.jpg 2048w\" sizes=\"auto, (max-width: 1440px) 100vw, 1440px\" \/>      <\/a>\n    <\/figure>\n  \n  <div class=\"post-info\">\n    <span>Newsroom<\/span>\n    <time class=\"updated\" datetime=\"2026-04-27T11:17:31+00:00\">\n      27 Aprile 2026\n    <\/time>\n  <\/div>\n\n  <header>\n    <a href=\"https:\/\/www.azimutbenetti.com\/it\/il-gruppo-azimutbenetti-si-aggiudica-gli-yacht-style-awards-2026\/\" title=\"Il Gruppo Azimut|benetti si aggiudica gli Yacht Style Awards 2026\">\n      <h2>\n        Il Gruppo Azimut|benetti si aggiudica gli Yacht Style Awards 2026\n      <\/h2>\n    <\/a>\n  <\/header>\n<\/article>\n      <\/div>\n          <div>\n        <article class=\"teaser-post post-5741 post type-post status-publish format-standard has-post-thumbnail hentry category-news\">\n      <figure>\n      <a href=\"https:\/\/www.azimutbenetti.com\/it\/il-gruppo-azimutbenetti-innova-la-sicurezza-in-mare\/\" title=\"Il Gruppo Azimut|Benetti innova la sicurezza in mare\">\n        <img decoding=\"async\" width=\"1440\" height=\"960\" src=\"https:\/\/www.azimutbenetti.com\/app\/uploads\/2025\/10\/WATCHIT-Eye-1440x960.jpg\" class=\"attachment-large size-large wp-post-image\" alt=\"\" loading=\"lazy\" srcset=\"https:\/\/www.azimutbenetti.com\/app\/uploads\/2025\/10\/WATCHIT-Eye-1440x960.jpg 1440w, https:\/\/www.azimutbenetti.com\/app\/uploads\/2025\/10\/WATCHIT-Eye-600x400.jpg 600w, https:\/\/www.azimutbenetti.com\/app\/uploads\/2025\/10\/WATCHIT-Eye-1024x683.jpg 1024w, https:\/\/www.azimutbenetti.com\/app\/uploads\/2025\/10\/WATCHIT-Eye-1536x1024.jpg 1536w, https:\/\/www.azimutbenetti.com\/app\/uploads\/2025\/10\/WATCHIT-Eye-70x47.jpg 70w, https:\/\/www.azimutbenetti.com\/app\/uploads\/2025\/10\/WATCHIT-Eye-1920x1280.jpg 1920w, https:\/\/www.azimutbenetti.com\/app\/uploads\/2025\/10\/WATCHIT-Eye.jpg 2048w\" sizes=\"auto, (max-width: 1440px) 100vw, 1440px\" \/>      <\/a>\n    <\/figure>\n  \n  <div class=\"post-info\">\n    <span>Newsroom<\/span>\n    <time class=\"updated\" datetime=\"2025-10-23T09:21:00+00:00\">\n      23 Ottobre 2025\n    <\/time>\n  <\/div>\n\n  <header>\n    <a href=\"https:\/\/www.azimutbenetti.com\/it\/il-gruppo-azimutbenetti-innova-la-sicurezza-in-mare\/\" title=\"Il Gruppo Azimut|Benetti innova la sicurezza in mare\">\n      <h2>\n        Il Gruppo Azimut|Benetti innova la sicurezza in mare\n      <\/h2>\n    <\/a>\n  <\/header>\n<\/article>\n      <\/div>\n          <div>\n        <article class=\"teaser-post post-5710 post type-post status-publish format-standard has-post-thumbnail hentry category-news\">\n      <figure>\n      <a href=\"https:\/\/www.azimutbenetti.com\/it\/azimutbenetti-chiusura-2024-25-a-e15-mld-15-e-ordini-fino-al-2029\/\" title=\"AZIMUT|BENETTI: CHIUSURA 2024\/25 A \u20ac1,5 MLD (+15%) E ORDINI FINO AL 2029\">\n        <img decoding=\"async\" width=\"1440\" height=\"960\" src=\"https:\/\/www.azimutbenetti.com\/app\/uploads\/2025\/09\/Cantiere-Benetti-Livorno-2-1440x960.jpg\" class=\"attachment-large size-large wp-post-image\" alt=\"Cantiere Benetti livorno\" loading=\"lazy\" srcset=\"https:\/\/www.azimutbenetti.com\/app\/uploads\/2025\/09\/Cantiere-Benetti-Livorno-2-1440x960.jpg 1440w, https:\/\/www.azimutbenetti.com\/app\/uploads\/2025\/09\/Cantiere-Benetti-Livorno-2-600x400.jpg 600w, https:\/\/www.azimutbenetti.com\/app\/uploads\/2025\/09\/Cantiere-Benetti-Livorno-2-1024x683.jpg 1024w, https:\/\/www.azimutbenetti.com\/app\/uploads\/2025\/09\/Cantiere-Benetti-Livorno-2-1536x1024.jpg 1536w, https:\/\/www.azimutbenetti.com\/app\/uploads\/2025\/09\/Cantiere-Benetti-Livorno-2-70x47.jpg 70w, https:\/\/www.azimutbenetti.com\/app\/uploads\/2025\/09\/Cantiere-Benetti-Livorno-2-1920x1280.jpg 1920w, https:\/\/www.azimutbenetti.com\/app\/uploads\/2025\/09\/Cantiere-Benetti-Livorno-2.jpg 2048w\" sizes=\"auto, (max-width: 1440px) 100vw, 1440px\" \/>      <\/a>\n    <\/figure>\n  \n  <div class=\"post-info\">\n    <span>Newsroom<\/span>\n    <time class=\"updated\" datetime=\"2025-09-03T10:18:30+00:00\">\n      3 Settembre 2025\n    <\/time>\n  <\/div>\n\n  <header>\n    <a href=\"https:\/\/www.azimutbenetti.com\/it\/azimutbenetti-chiusura-2024-25-a-e15-mld-15-e-ordini-fino-al-2029\/\" title=\"AZIMUT|BENETTI: CHIUSURA 2024\/25 A \u20ac1,5 MLD (+15%) E ORDINI FINO AL 2029\">\n      <h2>\n        AZIMUT|BENETTI: CHIUSURA 2024\/25 A \u20ac1,5 MLD (+15%) E ORDINI FINO AL 2029\n      <\/h2>\n    <\/a>\n  <\/header>\n<\/article>\n      <\/div>\n          <div>\n        <article class=\"teaser-post post-5705 post type-post status-publish format-standard has-post-thumbnail hentry category-news\">\n      <figure>\n      <a href=\"https:\/\/www.azimutbenetti.com\/it\/giovanna-vitelli-riceve-il-premio-blu-livorno-per-la-valorizzazione-e-la-difesa-del-mare-e-dellacqua\/\" title=\"GIOVANNA VITELLI RICEVE IL PREMIO \u2018BLU LIVORNO\u2019 PER LA VALORIZZAZIONE E LA DIFESA DEL MARE E DELL\u2019ACQUA\">\n        <img decoding=\"async\" width=\"1440\" height=\"958\" src=\"https:\/\/www.azimutbenetti.com\/app\/uploads\/2025\/07\/Giovanna-Vitelli-vince-il-premio-Blu-Livorno-1440x958.jpeg\" class=\"attachment-large size-large wp-post-image\" alt=\"\" loading=\"lazy\" srcset=\"https:\/\/www.azimutbenetti.com\/app\/uploads\/2025\/07\/Giovanna-Vitelli-vince-il-premio-Blu-Livorno-1440x958.jpeg 1440w, https:\/\/www.azimutbenetti.com\/app\/uploads\/2025\/07\/Giovanna-Vitelli-vince-il-premio-Blu-Livorno-600x399.jpeg 600w, https:\/\/www.azimutbenetti.com\/app\/uploads\/2025\/07\/Giovanna-Vitelli-vince-il-premio-Blu-Livorno-1024x681.jpeg 1024w, https:\/\/www.azimutbenetti.com\/app\/uploads\/2025\/07\/Giovanna-Vitelli-vince-il-premio-Blu-Livorno-1536x1022.jpeg 1536w, https:\/\/www.azimutbenetti.com\/app\/uploads\/2025\/07\/Giovanna-Vitelli-vince-il-premio-Blu-Livorno-70x47.jpeg 70w, https:\/\/www.azimutbenetti.com\/app\/uploads\/2025\/07\/Giovanna-Vitelli-vince-il-premio-Blu-Livorno-1920x1277.jpeg 1920w, https:\/\/www.azimutbenetti.com\/app\/uploads\/2025\/07\/Giovanna-Vitelli-vince-il-premio-Blu-Livorno.jpeg 2048w\" sizes=\"auto, (max-width: 1440px) 100vw, 1440px\" \/>      <\/a>\n    <\/figure>\n  \n  <div class=\"post-info\">\n    <span>Newsroom<\/span>\n    <time class=\"updated\" datetime=\"2025-07-22T14:51:27+00:00\">\n      22 Luglio 2025\n    <\/time>\n  <\/div>\n\n  <header>\n    <a href=\"https:\/\/www.azimutbenetti.com\/it\/giovanna-vitelli-riceve-il-premio-blu-livorno-per-la-valorizzazione-e-la-difesa-del-mare-e-dellacqua\/\" title=\"GIOVANNA VITELLI RICEVE IL PREMIO \u2018BLU LIVORNO\u2019 PER LA VALORIZZAZIONE E LA DIFESA DEL MARE E DELL\u2019ACQUA\">\n      <h2>\n        GIOVANNA VITELLI RICEVE IL PREMIO \u2018BLU LIVORNO\u2019 PER LA VALORIZZAZIONE E LA DIFESA DEL MARE E DELL\u2019ACQUA\n      <\/h2>\n    <\/a>\n  <\/header>\n<\/article>\n      <\/div>\n      <\/div><!--row-->\n<\/div>\n\n\n\n<div style=\"height:120px\" aria-hidden=\"true\" class=\"wp-block-spacer\"><\/div>\n<\/div>\n","protected":false},"excerpt":{"rendered":"<p>Giovanna Vitelli, Presidente del Gruppo Azimut|Benetti, \u00e8 stata premiata dal Sindaco di Livorno per il suo significativo contributo allo sviluppo&#8230;<\/p>\n","protected":false},"author":3,"featured_media":5702,"comment_status":"closed","ping_status":"open","sticky":false,"template":"","format":"standard","meta":{"_acf_changed":false,"inline_featured_image":false,"footnotes":""},"categories":[4],"tags":[],"class_list":["post-5705","post","type-post","status-publish","format-standard","has-post-thumbnail","hentry","category-news"],"acf":[],"yoast_head":"<!-- This site is optimized with the Yoast SEO plugin v26.9 - https:\/\/yoast.com\/product\/yoast-seo-wordpress\/ -->\n<title>GIOVANNA VITELLI RICEVE IL PREMIO \u2018BLU LIVORNO\u2019 PER LA VALORIZZAZIONE E LA DIFESA DEL MARE E DELL\u2019ACQUA - Azimut|Benetti Group<\/title>\n<meta name=\"robots\" content=\"index, follow, max-snippet:-1, max-image-preview:large, max-video-preview:-1\" \/>\n<link rel=\"canonical\" href=\"https:\/\/www.azimutbenetti.com\/it\/giovanna-vitelli-riceve-il-premio-blu-livorno-per-la-valorizzazione-e-la-difesa-del-mare-e-dellacqua\/\" \/>\n<meta property=\"og:locale\" content=\"it_IT\" \/>\n<meta property=\"og:type\" content=\"article\" \/>\n<meta property=\"og:title\" content=\"GIOVANNA VITELLI RICEVE IL PREMIO \u2018BLU LIVORNO\u2019 PER LA VALORIZZAZIONE E LA DIFESA DEL MARE E DELL\u2019ACQUA - Azimut|Benetti Group\" \/>\n<meta property=\"og:description\" content=\"Giovanna Vitelli, Presidente del Gruppo Azimut|Benetti, \u00e8 stata premiata dal Sindaco di Livorno per il suo significativo contributo allo sviluppo...\" \/>\n<meta property=\"og:url\" content=\"https:\/\/www.azimutbenetti.com\/it\/giovanna-vitelli-riceve-il-premio-blu-livorno-per-la-valorizzazione-e-la-difesa-del-mare-e-dellacqua\/\" \/>\n<meta property=\"og:site_name\" content=\"Azimut|Benetti Group\" \/>\n<meta property=\"article:published_time\" content=\"2025-07-22T14:51:27+00:00\" \/>\n<meta property=\"article:modified_time\" content=\"2025-09-03T09:07:12+00:00\" \/>\n<meta property=\"og:image\" content=\"https:\/\/www.azimutbenetti.com\/app\/uploads\/2025\/07\/Giovanna-Vitelli-vince-il-premio-Blu-Livorno.jpeg\" \/>\n\t<meta property=\"og:image:width\" content=\"2048\" \/>\n\t<meta property=\"og:image:height\" content=\"1362\" \/>\n\t<meta property=\"og:image:type\" content=\"image\/jpeg\" \/>\n<meta name=\"author\" content=\"Marco Nepote Fus\" \/>\n<meta name=\"twitter:card\" content=\"summary_large_image\" \/>\n<meta name=\"twitter:label1\" content=\"Scritto da\" \/>\n\t<meta name=\"twitter:data1\" content=\"Marco Nepote Fus\" \/>\n\t<meta name=\"twitter:label2\" content=\"Tempo di lettura stimato\" \/>\n\t<meta name=\"twitter:data2\" content=\"3 minuti\" \/>\n<script type=\"application\/ld+json\" class=\"yoast-schema-graph\">{\"@context\":\"https:\/\/schema.org\",\"@graph\":[{\"@type\":\"Article\",\"@id\":\"https:\/\/www.azimutbenetti.com\/it\/giovanna-vitelli-riceve-il-premio-blu-livorno-per-la-valorizzazione-e-la-difesa-del-mare-e-dellacqua\/#article\",\"isPartOf\":{\"@id\":\"https:\/\/www.azimutbenetti.com\/it\/giovanna-vitelli-riceve-il-premio-blu-livorno-per-la-valorizzazione-e-la-difesa-del-mare-e-dellacqua\/\"},\"author\":{\"name\":\"Marco Nepote Fus\",\"@id\":\"https:\/\/www.azimutbenetti.com\/#\/schema\/person\/a230cb3b9fe0a842c8347aca987544e4\"},\"headline\":\"GIOVANNA VITELLI RICEVE IL PREMIO \u2018BLU LIVORNO\u2019 PER LA VALORIZZAZIONE E LA DIFESA DEL MARE E DELL\u2019ACQUA\",\"datePublished\":\"2025-07-22T14:51:27+00:00\",\"dateModified\":\"2025-09-03T09:07:12+00:00\",\"mainEntityOfPage\":{\"@id\":\"https:\/\/www.azimutbenetti.com\/it\/giovanna-vitelli-riceve-il-premio-blu-livorno-per-la-valorizzazione-e-la-difesa-del-mare-e-dellacqua\/\"},\"wordCount\":448,\"publisher\":{\"@id\":\"https:\/\/www.azimutbenetti.com\/#organization\"},\"image\":{\"@id\":\"https:\/\/www.azimutbenetti.com\/it\/giovanna-vitelli-riceve-il-premio-blu-livorno-per-la-valorizzazione-e-la-difesa-del-mare-e-dellacqua\/#primaryimage\"},\"thumbnailUrl\":\"https:\/\/www.azimutbenetti.com\/app\/uploads\/2025\/07\/Giovanna-Vitelli-vince-il-premio-Blu-Livorno.jpeg\",\"articleSection\":[\"Newsroom\"],\"inLanguage\":\"it-IT\"},{\"@type\":\"WebPage\",\"@id\":\"https:\/\/www.azimutbenetti.com\/it\/giovanna-vitelli-riceve-il-premio-blu-livorno-per-la-valorizzazione-e-la-difesa-del-mare-e-dellacqua\/\",\"url\":\"https:\/\/www.azimutbenetti.com\/it\/giovanna-vitelli-riceve-il-premio-blu-livorno-per-la-valorizzazione-e-la-difesa-del-mare-e-dellacqua\/\",\"name\":\"GIOVANNA VITELLI RICEVE IL PREMIO \u2018BLU LIVORNO\u2019 PER LA VALORIZZAZIONE E LA DIFESA DEL MARE E DELL\u2019ACQUA - Azimut|Benetti Group\",\"isPartOf\":{\"@id\":\"https:\/\/www.azimutbenetti.com\/#website\"},\"primaryImageOfPage\":{\"@id\":\"https:\/\/www.azimutbenetti.com\/it\/giovanna-vitelli-riceve-il-premio-blu-livorno-per-la-valorizzazione-e-la-difesa-del-mare-e-dellacqua\/#primaryimage\"},\"image\":{\"@id\":\"https:\/\/www.azimutbenetti.com\/it\/giovanna-vitelli-riceve-il-premio-blu-livorno-per-la-valorizzazione-e-la-difesa-del-mare-e-dellacqua\/#primaryimage\"},\"thumbnailUrl\":\"https:\/\/www.azimutbenetti.com\/app\/uploads\/2025\/07\/Giovanna-Vitelli-vince-il-premio-Blu-Livorno.jpeg\",\"datePublished\":\"2025-07-22T14:51:27+00:00\",\"dateModified\":\"2025-09-03T09:07:12+00:00\",\"breadcrumb\":{\"@id\":\"https:\/\/www.azimutbenetti.com\/it\/giovanna-vitelli-riceve-il-premio-blu-livorno-per-la-valorizzazione-e-la-difesa-del-mare-e-dellacqua\/#breadcrumb\"},\"inLanguage\":\"it-IT\",\"potentialAction\":[{\"@type\":\"ReadAction\",\"target\":[\"https:\/\/www.azimutbenetti.com\/it\/giovanna-vitelli-riceve-il-premio-blu-livorno-per-la-valorizzazione-e-la-difesa-del-mare-e-dellacqua\/\"]}]},{\"@type\":\"ImageObject\",\"inLanguage\":\"it-IT\",\"@id\":\"https:\/\/www.azimutbenetti.com\/it\/giovanna-vitelli-riceve-il-premio-blu-livorno-per-la-valorizzazione-e-la-difesa-del-mare-e-dellacqua\/#primaryimage\",\"url\":\"https:\/\/www.azimutbenetti.com\/app\/uploads\/2025\/07\/Giovanna-Vitelli-vince-il-premio-Blu-Livorno.jpeg\",\"contentUrl\":\"https:\/\/www.azimutbenetti.com\/app\/uploads\/2025\/07\/Giovanna-Vitelli-vince-il-premio-Blu-Livorno.jpeg\",\"width\":2048,\"height\":1362},{\"@type\":\"BreadcrumbList\",\"@id\":\"https:\/\/www.azimutbenetti.com\/it\/giovanna-vitelli-riceve-il-premio-blu-livorno-per-la-valorizzazione-e-la-difesa-del-mare-e-dellacqua\/#breadcrumb\",\"itemListElement\":[{\"@type\":\"ListItem\",\"position\":1,\"name\":\"Home\",\"item\":\"https:\/\/www.azimutbenetti.com\/it\/\"},{\"@type\":\"ListItem\",\"position\":2,\"name\":\"Newsroom\",\"item\":\"https:\/\/www.azimutbenetti.com\/it\/category\/news\/\"},{\"@type\":\"ListItem\",\"position\":3,\"name\":\"GIOVANNA VITELLI RICEVE IL PREMIO&hellip;\"}]},{\"@type\":\"WebSite\",\"@id\":\"https:\/\/www.azimutbenetti.com\/#website\",\"url\":\"https:\/\/www.azimutbenetti.com\/\",\"name\":\"Azimut|Benetti Group\",\"description\":\"In Mare. La bellezza. Il futuro. Un Gruppo.\",\"publisher\":{\"@id\":\"https:\/\/www.azimutbenetti.com\/#organization\"},\"potentialAction\":[{\"@type\":\"SearchAction\",\"target\":{\"@type\":\"EntryPoint\",\"urlTemplate\":\"https:\/\/www.azimutbenetti.com\/?s={search_term_string}\"},\"query-input\":{\"@type\":\"PropertyValueSpecification\",\"valueRequired\":true,\"valueName\":\"search_term_string\"}}],\"inLanguage\":\"it-IT\"},{\"@type\":\"Organization\",\"@id\":\"https:\/\/www.azimutbenetti.com\/#organization\",\"name\":\"Azimut | Benetti\",\"url\":\"https:\/\/www.azimutbenetti.com\/\",\"logo\":{\"@type\":\"ImageObject\",\"inLanguage\":\"it-IT\",\"@id\":\"https:\/\/www.azimutbenetti.com\/#\/schema\/logo\/image\/\",\"url\":\"https:\/\/www.azimutbenetti.com\/app\/uploads\/2023\/04\/cropped-FAVICON_01.png\",\"contentUrl\":\"https:\/\/www.azimutbenetti.com\/app\/uploads\/2023\/04\/cropped-FAVICON_01.png\",\"width\":512,\"height\":512,\"caption\":\"Azimut | Benetti\"},\"image\":{\"@id\":\"https:\/\/www.azimutbenetti.com\/#\/schema\/logo\/image\/\"}},{\"@type\":\"Person\",\"@id\":\"https:\/\/www.azimutbenetti.com\/#\/schema\/person\/a230cb3b9fe0a842c8347aca987544e4\",\"name\":\"Marco Nepote Fus\",\"image\":{\"@type\":\"ImageObject\",\"inLanguage\":\"it-IT\",\"@id\":\"https:\/\/www.azimutbenetti.com\/#\/schema\/person\/image\/\",\"url\":\"https:\/\/secure.gravatar.com\/avatar\/10d44fdfac98b587bc3cb042c7afe823b2d124957e5fd8ec79ce01ea3320d02a?s=96&d=mm&r=g\",\"contentUrl\":\"https:\/\/secure.gravatar.com\/avatar\/10d44fdfac98b587bc3cb042c7afe823b2d124957e5fd8ec79ce01ea3320d02a?s=96&d=mm&r=g\",\"caption\":\"Marco Nepote Fus\"}}]}<\/script>\n<!-- \/ Yoast SEO plugin. -->","yoast_head_json":{"title":"GIOVANNA VITELLI RICEVE IL PREMIO \u2018BLU LIVORNO\u2019 PER LA VALORIZZAZIONE E LA DIFESA DEL MARE E DELL\u2019ACQUA - Azimut|Benetti Group","robots":{"index":"index","follow":"follow","max-snippet":"max-snippet:-1","max-image-preview":"max-image-preview:large","max-video-preview":"max-video-preview:-1"},"canonical":"https:\/\/www.azimutbenetti.com\/it\/giovanna-vitelli-riceve-il-premio-blu-livorno-per-la-valorizzazione-e-la-difesa-del-mare-e-dellacqua\/","og_locale":"it_IT","og_type":"article","og_title":"GIOVANNA VITELLI RICEVE IL PREMIO \u2018BLU LIVORNO\u2019 PER LA VALORIZZAZIONE E LA DIFESA DEL MARE E DELL\u2019ACQUA - Azimut|Benetti Group","og_description":"Giovanna Vitelli, Presidente del Gruppo Azimut|Benetti, \u00e8 stata premiata dal Sindaco di Livorno per il suo significativo contributo allo sviluppo...","og_url":"https:\/\/www.azimutbenetti.com\/it\/giovanna-vitelli-riceve-il-premio-blu-livorno-per-la-valorizzazione-e-la-difesa-del-mare-e-dellacqua\/","og_site_name":"Azimut|Benetti Group","article_published_time":"2025-07-22T14:51:27+00:00","article_modified_time":"2025-09-03T09:07:12+00:00","og_image":[{"width":2048,"height":1362,"url":"https:\/\/www.azimutbenetti.com\/app\/uploads\/2025\/07\/Giovanna-Vitelli-vince-il-premio-Blu-Livorno.jpeg","type":"image\/jpeg"}],"author":"Marco Nepote Fus","twitter_card":"summary_large_image","twitter_misc":{"Scritto da":"Marco Nepote Fus","Tempo di lettura stimato":"3 minuti"},"schema":{"@context":"https:\/\/schema.org","@graph":[{"@type":"Article","@id":"https:\/\/www.azimutbenetti.com\/it\/giovanna-vitelli-riceve-il-premio-blu-livorno-per-la-valorizzazione-e-la-difesa-del-mare-e-dellacqua\/#article","isPartOf":{"@id":"https:\/\/www.azimutbenetti.com\/it\/giovanna-vitelli-riceve-il-premio-blu-livorno-per-la-valorizzazione-e-la-difesa-del-mare-e-dellacqua\/"},"author":{"name":"Marco Nepote Fus","@id":"https:\/\/www.azimutbenetti.com\/#\/schema\/person\/a230cb3b9fe0a842c8347aca987544e4"},"headline":"GIOVANNA VITELLI RICEVE IL PREMIO \u2018BLU LIVORNO\u2019 PER LA VALORIZZAZIONE E LA DIFESA DEL MARE E DELL\u2019ACQUA","datePublished":"2025-07-22T14:51:27+00:00","dateModified":"2025-09-03T09:07:12+00:00","mainEntityOfPage":{"@id":"https:\/\/www.azimutbenetti.com\/it\/giovanna-vitelli-riceve-il-premio-blu-livorno-per-la-valorizzazione-e-la-difesa-del-mare-e-dellacqua\/"},"wordCount":448,"publisher":{"@id":"https:\/\/www.azimutbenetti.com\/#organization"},"image":{"@id":"https:\/\/www.azimutbenetti.com\/it\/giovanna-vitelli-riceve-il-premio-blu-livorno-per-la-valorizzazione-e-la-difesa-del-mare-e-dellacqua\/#primaryimage"},"thumbnailUrl":"https:\/\/www.azimutbenetti.com\/app\/uploads\/2025\/07\/Giovanna-Vitelli-vince-il-premio-Blu-Livorno.jpeg","articleSection":["Newsroom"],"inLanguage":"it-IT"},{"@type":"WebPage","@id":"https:\/\/www.azimutbenetti.com\/it\/giovanna-vitelli-riceve-il-premio-blu-livorno-per-la-valorizzazione-e-la-difesa-del-mare-e-dellacqua\/","url":"https:\/\/www.azimutbenetti.com\/it\/giovanna-vitelli-riceve-il-premio-blu-livorno-per-la-valorizzazione-e-la-difesa-del-mare-e-dellacqua\/","name":"GIOVANNA VITELLI RICEVE IL PREMIO \u2018BLU LIVORNO\u2019 PER LA VALORIZZAZIONE E LA DIFESA DEL MARE E DELL\u2019ACQUA - Azimut|Benetti Group","isPartOf":{"@id":"https:\/\/www.azimutbenetti.com\/#website"},"primaryImageOfPage":{"@id":"https:\/\/www.azimutbenetti.com\/it\/giovanna-vitelli-riceve-il-premio-blu-livorno-per-la-valorizzazione-e-la-difesa-del-mare-e-dellacqua\/#primaryimage"},"image":{"@id":"https:\/\/www.azimutbenetti.com\/it\/giovanna-vitelli-riceve-il-premio-blu-livorno-per-la-valorizzazione-e-la-difesa-del-mare-e-dellacqua\/#primaryimage"},"thumbnailUrl":"https:\/\/www.azimutbenetti.com\/app\/uploads\/2025\/07\/Giovanna-Vitelli-vince-il-premio-Blu-Livorno.jpeg","datePublished":"2025-07-22T14:51:27+00:00","dateModified":"2025-09-03T09:07:12+00:00","breadcrumb":{"@id":"https:\/\/www.azimutbenetti.com\/it\/giovanna-vitelli-riceve-il-premio-blu-livorno-per-la-valorizzazione-e-la-difesa-del-mare-e-dellacqua\/#breadcrumb"},"inLanguage":"it-IT","potentialAction":[{"@type":"ReadAction","target":["https:\/\/www.azimutbenetti.com\/it\/giovanna-vitelli-riceve-il-premio-blu-livorno-per-la-valorizzazione-e-la-difesa-del-mare-e-dellacqua\/"]}]},{"@type":"ImageObject","inLanguage":"it-IT","@id":"https:\/\/www.azimutbenetti.com\/it\/giovanna-vitelli-riceve-il-premio-blu-livorno-per-la-valorizzazione-e-la-difesa-del-mare-e-dellacqua\/#primaryimage","url":"https:\/\/www.azimutbenetti.com\/app\/uploads\/2025\/07\/Giovanna-Vitelli-vince-il-premio-Blu-Livorno.jpeg","contentUrl":"https:\/\/www.azimutbenetti.com\/app\/uploads\/2025\/07\/Giovanna-Vitelli-vince-il-premio-Blu-Livorno.jpeg","width":2048,"height":1362},{"@type":"BreadcrumbList","@id":"https:\/\/www.azimutbenetti.com\/it\/giovanna-vitelli-riceve-il-premio-blu-livorno-per-la-valorizzazione-e-la-difesa-del-mare-e-dellacqua\/#breadcrumb","itemListElement":[{"@type":"ListItem","position":1,"name":"Home","item":"https:\/\/www.azimutbenetti.com\/it\/"},{"@type":"ListItem","position":2,"name":"Newsroom","item":"https:\/\/www.azimutbenetti.com\/it\/category\/news\/"},{"@type":"ListItem","position":3,"name":"GIOVANNA VITELLI RICEVE IL PREMIO&hellip;"}]},{"@type":"WebSite","@id":"https:\/\/www.azimutbenetti.com\/#website","url":"https:\/\/www.azimutbenetti.com\/","name":"Azimut|Benetti Group","description":"In Mare. La bellezza. Il futuro. Un Gruppo.","publisher":{"@id":"https:\/\/www.azimutbenetti.com\/#organization"},"potentialAction":[{"@type":"SearchAction","target":{"@type":"EntryPoint","urlTemplate":"https:\/\/www.azimutbenetti.com\/?s={search_term_string}"},"query-input":{"@type":"PropertyValueSpecification","valueRequired":true,"valueName":"search_term_string"}}],"inLanguage":"it-IT"},{"@type":"Organization","@id":"https:\/\/www.azimutbenetti.com\/#organization","name":"Azimut | Benetti","url":"https:\/\/www.azimutbenetti.com\/","logo":{"@type":"ImageObject","inLanguage":"it-IT","@id":"https:\/\/www.azimutbenetti.com\/#\/schema\/logo\/image\/","url":"https:\/\/www.azimutbenetti.com\/app\/uploads\/2023\/04\/cropped-FAVICON_01.png","contentUrl":"https:\/\/www.azimutbenetti.com\/app\/uploads\/2023\/04\/cropped-FAVICON_01.png","width":512,"height":512,"caption":"Azimut | Benetti"},"image":{"@id":"https:\/\/www.azimutbenetti.com\/#\/schema\/logo\/image\/"}},{"@type":"Person","@id":"https:\/\/www.azimutbenetti.com\/#\/schema\/person\/a230cb3b9fe0a842c8347aca987544e4","name":"Marco Nepote Fus","image":{"@type":"ImageObject","inLanguage":"it-IT","@id":"https:\/\/www.azimutbenetti.com\/#\/schema\/person\/image\/","url":"https:\/\/secure.gravatar.com\/avatar\/10d44fdfac98b587bc3cb042c7afe823b2d124957e5fd8ec79ce01ea3320d02a?s=96&d=mm&r=g","contentUrl":"https:\/\/secure.gravatar.com\/avatar\/10d44fdfac98b587bc3cb042c7afe823b2d124957e5fd8ec79ce01ea3320d02a?s=96&d=mm&r=g","caption":"Marco Nepote Fus"}}]}},"_links":{"self":[{"href":"https:\/\/www.azimutbenetti.com\/it\/wp-json\/wp\/v2\/posts\/5705","targetHints":{"allow":["GET"]}}],"collection":[{"href":"https:\/\/www.azimutbenetti.com\/it\/wp-json\/wp\/v2\/posts"}],"about":[{"href":"https:\/\/www.azimutbenetti.com\/it\/wp-json\/wp\/v2\/types\/post"}],"author":[{"embeddable":true,"href":"https:\/\/www.azimutbenetti.com\/it\/wp-json\/wp\/v2\/users\/3"}],"replies":[{"embeddable":true,"href":"https:\/\/www.azimutbenetti.com\/it\/wp-json\/wp\/v2\/comments?post=5705"}],"version-history":[{"count":2,"href":"https:\/\/www.azimutbenetti.com\/it\/wp-json\/wp\/v2\/posts\/5705\/revisions"}],"predecessor-version":[{"id":5723,"href":"https:\/\/www.azimutbenetti.com\/it\/wp-json\/wp\/v2\/posts\/5705\/revisions\/5723"}],"wp:featuredmedia":[{"embeddable":true,"href":"https:\/\/www.azimutbenetti.com\/it\/wp-json\/wp\/v2\/media\/5702"}],"wp:attachment":[{"href":"https:\/\/www.azimutbenetti.com\/it\/wp-json\/wp\/v2\/media?parent=5705"}],"wp:term":[{"taxonomy":"category","embeddable":true,"href":"https:\/\/www.azimutbenetti.com\/it\/wp-json\/wp\/v2\/categories?post=5705"},{"taxonomy":"post_tag","embeddable":true,"href":"https:\/\/www.azimutbenetti.com\/it\/wp-json\/wp\/v2\/tags?post=5705"}],"curies":[{"name":"wp","href":"https:\/\/api.w.org\/{rel}","templated":true}]}}