{"id":5666,"date":"2025-02-26T10:16:36","date_gmt":"2025-02-26T09:16:36","guid":{"rendered":"https:\/\/www.azimutbenetti.com\/?p=5666"},"modified":"2025-02-26T10:23:52","modified_gmt":"2025-02-26T09:23:52","slug":"azimutbenetti-adotta-sea-index-per-superyacht-sostenibili-di-nuova-generazione","status":"publish","type":"post","link":"https:\/\/www.azimutbenetti.com\/it\/azimutbenetti-adotta-sea-index-per-superyacht-sostenibili-di-nuova-generazione\/","title":{"rendered":"Azimut|Benetti adotta SEA INDEX\u00ae per superyacht sostenibili di nuova generazione"},"content":{"rendered":"\n<div class=\"wp-block-group thor-maxwidth-lg is-layout-constrained wp-block-group-is-layout-constrained\">\n<div style=\"height:120px\" aria-hidden=\"true\" class=\"wp-block-spacer\"><\/div>\n\n\n\n<h2 class=\"wp-block-heading\">Il Gruppo Azimut|Benetti e SEA Index\u00ae sono lieti di annunciare un importante accordo per ridurre le emissioni di CO<sub>2<\/sub>&nbsp;nell\u2019industria nautica.<\/h2>\n\n\n\n<div style=\"height:60px\" aria-hidden=\"true\" class=\"wp-block-spacer\"><\/div>\n\n\n\n<p class=\"is-style-sans-with-animation has-small-font-size\">Nell\u2019ambito di questo accordo, la <a href=\"https:\/\/sea-index.com\/\" target=\"_blank\" rel=\"noreferrer noopener nofollow\">Superyacht Eco Association<\/a> supporter\u00e0 Azimut|Benetti Group nell\u2019adozione del suo strumento di riferimento per la valutazione delle emissioni degli yacht oltre i 24 metri, il\u00a0<strong><em>SEA Index CO<sub>2<\/sub>\u00a0Emission Rating<\/em><\/strong>. Questo strumento sar\u00e0 adottato dal Dipartimento R&amp;D del Gruppo per migliorare ulteriormente la sostenibilit\u00e0 della sua flotta.<\/p>\n\n\n\n<div style=\"height:60px\" aria-hidden=\"true\" class=\"wp-block-spacer\"><\/div>\n\n\n\n<figure class=\"wp-block-image size-full\"><img loading=\"lazy\" decoding=\"async\" width=\"2048\" height=\"1365\" src=\"https:\/\/www.azimutbenetti.com\/app\/uploads\/2025\/02\/GRANDE2-1.jpg\" alt=\"\" class=\"wp-image-5671\" srcset=\"https:\/\/www.azimutbenetti.com\/app\/uploads\/2025\/02\/GRANDE2-1.jpg 2048w, https:\/\/www.azimutbenetti.com\/app\/uploads\/2025\/02\/GRANDE2-1-600x400.jpg 600w, https:\/\/www.azimutbenetti.com\/app\/uploads\/2025\/02\/GRANDE2-1-1440x960.jpg 1440w, https:\/\/www.azimutbenetti.com\/app\/uploads\/2025\/02\/GRANDE2-1-1024x683.jpg 1024w, https:\/\/www.azimutbenetti.com\/app\/uploads\/2025\/02\/GRANDE2-1-1536x1024.jpg 1536w, https:\/\/www.azimutbenetti.com\/app\/uploads\/2025\/02\/GRANDE2-1-70x47.jpg 70w, https:\/\/www.azimutbenetti.com\/app\/uploads\/2025\/02\/GRANDE2-1-1920x1280.jpg 1920w\" sizes=\"auto, (max-width: 2048px) 100vw, 2048px\" \/><\/figure>\n\n\n\n<div style=\"height:60px\" aria-hidden=\"true\" class=\"wp-block-spacer\"><\/div>\n\n\n\n<p class=\"is-style-sans-with-animation has-small-font-size\">Applicabile sia agli yacht full custom che ai semi-custom superiori ai 24 metri, il&nbsp;<em>SEA Index CO<sub>2<\/sub>&nbsp;Emissions Rating<\/em>&nbsp;fornisce dati sulle emissioni accurati, imparziali e verificati da terze parti. Oltre a permettere agli armatori di valutare il consumo di energia delle proprie imbarcazioni, pu\u00f2 essere integrato gi\u00e0 nella fase di progettazione dei nuovi yacht, favorendo cos\u00ec una costruzione pi\u00f9 consapevole e rispettosa dell\u2019ambiente.<\/p>\n\n\n\n<div style=\"height:60px\" aria-hidden=\"true\" class=\"wp-block-spacer\"><\/div>\n\n\n\n<p class=\"is-style-sans-with-animation has-small-font-size\">\u201c<em>Siamo entusiasti di collaborare con SEA Index per rafforzare ulteriormente il nostro approccio consapevole alla progettazione, validando cos\u00ec gli obiettivi di riduzione delle emissioni di CO<sub>2<\/sub>&nbsp;delle nostre imbarcazioni attraverso il modello SEA Index. Raggiunti grazie all\u2019architettura navale avanzata e alle tecnologie all\u2019avanguardia, questi obiettivi riflettono il nostro impegno verso l\u2019innovazione e la sostenibilit\u00e0 ambientale. Riteniamo inoltre che questa collaborazione incoragger\u00e0 una maggiore trasparenza nella condivisione dei dati, promuovendo un approccio pi\u00f9 consapevole tra gli operatori del settore e i proprietari di yacht<\/em>\u201d, ha dichiarato&nbsp;<strong>Alessandro Rossi, Chief Product Officer di Azimut|Benetti Group<\/strong>.<\/p>\n\n\n\n<div style=\"height:60px\" aria-hidden=\"true\" class=\"wp-block-spacer\"><\/div>\n\n\n\n<p class=\"is-style-sans-with-animation has-small-font-size\">Questo accordo segna un nuovo capitolo nella partnership tra Azimut|Benetti Group e SEA Index, successivo all\u2019annuncio del 2023 riguardante l\u2019adozione del&nbsp;<strong><em>Carbon Emission Index<\/em>&nbsp;per yacht sotto i 24 metri<\/strong>, sviluppato da Lloyd\u2019s Register su iniziativa del Gruppo. Questa formula innovativa \u00e8 stata progettata per valutare e classificare con precisione le emissioni di carbonio delle imbarcazioni &lt;24 m, coinvolgendo cos\u00ec la categoria di yacht pi\u00f9 diffusa nei nostri mari.<\/p>\n\n\n\n<div style=\"height:60px\" aria-hidden=\"true\" class=\"wp-block-spacer\"><\/div>\n\n\n\n<p class=\"is-style-sans-with-animation has-small-font-size\">\u201c<em>Siamo lieti di collaborare con Azimut|Benetti Group per questa importante iniziativa. \u00c8 incoraggiante vedere come i leader del settore stiano adottando il SEA Index CO<sub>2<\/sub>&nbsp;Emissions Rating per dare priorit\u00e0 alla sostenibilit\u00e0 fin dalle prime fasi di progettazione. Allo stesso modo, siamo entusiasti di integrare la formula di Azimut per la misurazione delle emissioni di carbonio degli yacht sotto i 24 metri all\u2019interno dell\u2019ecosistema SEA Index. Insieme, possiamo promuovere un cambiamento significativo nel settore e incoraggiare tutti gli attori della nautica ad abbracciare un futuro pi\u00f9 sostenibile<\/em>\u201d, ha commentato&nbsp;<strong>Natalie Quevert, Project Lead di SEA Index<\/strong>.<\/p>\n\n\n\n<div style=\"height:60px\" aria-hidden=\"true\" class=\"wp-block-spacer\"><\/div>\n<\/div>\n\n\n\n<div class=\"wp-block-group thor-maxwidth-3xl is-layout-constrained wp-block-group-is-layout-constrained\">\n<h2 class=\"wp-block-heading is-style-default has-3-xl-font-size\">Potrebbe interessarti anche:<\/h2>\n\n\n\n<div style=\"height:60px\" aria-hidden=\"true\" class=\"wp-block-spacer\"><\/div>\n\n\n<div id=\"thor-posts-listblock_55f61ff9e85c6cdb76862ad8ee7b39e1\" class=\"thor-posts-list\">\n  <div class=\"grid-list four\">\n              <div>\n        <article class=\"teaser-post post-5797 post type-post status-publish format-standard has-post-thumbnail hentry category-news\">\n      <figure>\n      <a href=\"https:\/\/www.azimutbenetti.com\/it\/il-gruppo-azimutbenetti-si-aggiudica-gli-yacht-style-awards-2026\/\" title=\"Il Gruppo Azimut|benetti si aggiudica gli Yacht Style Awards 2026\">\n        <img decoding=\"async\" width=\"1440\" height=\"960\" src=\"https:\/\/www.azimutbenetti.com\/app\/uploads\/2026\/04\/Yacht-Style-Awards-Winner-2026-Most-Active-Global-Yacht-Group-Azimut-Benetti-Group-1-1440x960.jpg\" class=\"attachment-large size-large wp-post-image\" alt=\"\" loading=\"lazy\" srcset=\"https:\/\/www.azimutbenetti.com\/app\/uploads\/2026\/04\/Yacht-Style-Awards-Winner-2026-Most-Active-Global-Yacht-Group-Azimut-Benetti-Group-1-1440x960.jpg 1440w, https:\/\/www.azimutbenetti.com\/app\/uploads\/2026\/04\/Yacht-Style-Awards-Winner-2026-Most-Active-Global-Yacht-Group-Azimut-Benetti-Group-1-600x400.jpg 600w, https:\/\/www.azimutbenetti.com\/app\/uploads\/2026\/04\/Yacht-Style-Awards-Winner-2026-Most-Active-Global-Yacht-Group-Azimut-Benetti-Group-1-1024x683.jpg 1024w, https:\/\/www.azimutbenetti.com\/app\/uploads\/2026\/04\/Yacht-Style-Awards-Winner-2026-Most-Active-Global-Yacht-Group-Azimut-Benetti-Group-1-1536x1024.jpg 1536w, https:\/\/www.azimutbenetti.com\/app\/uploads\/2026\/04\/Yacht-Style-Awards-Winner-2026-Most-Active-Global-Yacht-Group-Azimut-Benetti-Group-1-70x47.jpg 70w, https:\/\/www.azimutbenetti.com\/app\/uploads\/2026\/04\/Yacht-Style-Awards-Winner-2026-Most-Active-Global-Yacht-Group-Azimut-Benetti-Group-1-1920x1280.jpg 1920w, https:\/\/www.azimutbenetti.com\/app\/uploads\/2026\/04\/Yacht-Style-Awards-Winner-2026-Most-Active-Global-Yacht-Group-Azimut-Benetti-Group-1.jpg 2048w\" sizes=\"auto, (max-width: 1440px) 100vw, 1440px\" \/>      <\/a>\n    <\/figure>\n  \n  <div class=\"post-info\">\n    <span>Newsroom<\/span>\n    <time class=\"updated\" datetime=\"2026-04-27T11:17:31+00:00\">\n      27 Aprile 2026\n    <\/time>\n  <\/div>\n\n  <header>\n    <a href=\"https:\/\/www.azimutbenetti.com\/it\/il-gruppo-azimutbenetti-si-aggiudica-gli-yacht-style-awards-2026\/\" title=\"Il Gruppo Azimut|benetti si aggiudica gli Yacht Style Awards 2026\">\n      <h2>\n        Il Gruppo Azimut|benetti si aggiudica gli Yacht Style Awards 2026\n      <\/h2>\n    <\/a>\n  <\/header>\n<\/article>\n      <\/div>\n          <div>\n        <article class=\"teaser-post post-5741 post type-post status-publish format-standard has-post-thumbnail hentry category-news\">\n      <figure>\n      <a href=\"https:\/\/www.azimutbenetti.com\/it\/il-gruppo-azimutbenetti-innova-la-sicurezza-in-mare\/\" title=\"Il Gruppo Azimut|Benetti innova la sicurezza in mare\">\n        <img decoding=\"async\" width=\"1440\" height=\"960\" src=\"https:\/\/www.azimutbenetti.com\/app\/uploads\/2025\/10\/WATCHIT-Eye-1440x960.jpg\" class=\"attachment-large size-large wp-post-image\" alt=\"\" loading=\"lazy\" srcset=\"https:\/\/www.azimutbenetti.com\/app\/uploads\/2025\/10\/WATCHIT-Eye-1440x960.jpg 1440w, https:\/\/www.azimutbenetti.com\/app\/uploads\/2025\/10\/WATCHIT-Eye-600x400.jpg 600w, https:\/\/www.azimutbenetti.com\/app\/uploads\/2025\/10\/WATCHIT-Eye-1024x683.jpg 1024w, https:\/\/www.azimutbenetti.com\/app\/uploads\/2025\/10\/WATCHIT-Eye-1536x1024.jpg 1536w, https:\/\/www.azimutbenetti.com\/app\/uploads\/2025\/10\/WATCHIT-Eye-70x47.jpg 70w, https:\/\/www.azimutbenetti.com\/app\/uploads\/2025\/10\/WATCHIT-Eye-1920x1280.jpg 1920w, https:\/\/www.azimutbenetti.com\/app\/uploads\/2025\/10\/WATCHIT-Eye.jpg 2048w\" sizes=\"auto, (max-width: 1440px) 100vw, 1440px\" \/>      <\/a>\n    <\/figure>\n  \n  <div class=\"post-info\">\n    <span>Newsroom<\/span>\n    <time class=\"updated\" datetime=\"2025-10-23T09:21:00+00:00\">\n      23 Ottobre 2025\n    <\/time>\n  <\/div>\n\n  <header>\n    <a href=\"https:\/\/www.azimutbenetti.com\/it\/il-gruppo-azimutbenetti-innova-la-sicurezza-in-mare\/\" title=\"Il Gruppo Azimut|Benetti innova la sicurezza in mare\">\n      <h2>\n        Il Gruppo Azimut|Benetti innova la sicurezza in mare\n      <\/h2>\n    <\/a>\n  <\/header>\n<\/article>\n      <\/div>\n          <div>\n        <article class=\"teaser-post post-5710 post type-post status-publish format-standard has-post-thumbnail hentry category-news\">\n      <figure>\n      <a href=\"https:\/\/www.azimutbenetti.com\/it\/azimutbenetti-chiusura-2024-25-a-e15-mld-15-e-ordini-fino-al-2029\/\" title=\"AZIMUT|BENETTI: CHIUSURA 2024\/25 A \u20ac1,5 MLD (+15%) E ORDINI FINO AL 2029\">\n        <img decoding=\"async\" width=\"1440\" height=\"960\" src=\"https:\/\/www.azimutbenetti.com\/app\/uploads\/2025\/09\/Cantiere-Benetti-Livorno-2-1440x960.jpg\" class=\"attachment-large size-large wp-post-image\" alt=\"Cantiere Benetti livorno\" loading=\"lazy\" srcset=\"https:\/\/www.azimutbenetti.com\/app\/uploads\/2025\/09\/Cantiere-Benetti-Livorno-2-1440x960.jpg 1440w, https:\/\/www.azimutbenetti.com\/app\/uploads\/2025\/09\/Cantiere-Benetti-Livorno-2-600x400.jpg 600w, https:\/\/www.azimutbenetti.com\/app\/uploads\/2025\/09\/Cantiere-Benetti-Livorno-2-1024x683.jpg 1024w, https:\/\/www.azimutbenetti.com\/app\/uploads\/2025\/09\/Cantiere-Benetti-Livorno-2-1536x1024.jpg 1536w, https:\/\/www.azimutbenetti.com\/app\/uploads\/2025\/09\/Cantiere-Benetti-Livorno-2-70x47.jpg 70w, https:\/\/www.azimutbenetti.com\/app\/uploads\/2025\/09\/Cantiere-Benetti-Livorno-2-1920x1280.jpg 1920w, https:\/\/www.azimutbenetti.com\/app\/uploads\/2025\/09\/Cantiere-Benetti-Livorno-2.jpg 2048w\" sizes=\"auto, (max-width: 1440px) 100vw, 1440px\" \/>      <\/a>\n    <\/figure>\n  \n  <div class=\"post-info\">\n    <span>Newsroom<\/span>\n    <time class=\"updated\" datetime=\"2025-09-03T10:18:30+00:00\">\n      3 Settembre 2025\n    <\/time>\n  <\/div>\n\n  <header>\n    <a href=\"https:\/\/www.azimutbenetti.com\/it\/azimutbenetti-chiusura-2024-25-a-e15-mld-15-e-ordini-fino-al-2029\/\" title=\"AZIMUT|BENETTI: CHIUSURA 2024\/25 A \u20ac1,5 MLD (+15%) E ORDINI FINO AL 2029\">\n      <h2>\n        AZIMUT|BENETTI: CHIUSURA 2024\/25 A \u20ac1,5 MLD (+15%) E ORDINI FINO AL 2029\n      <\/h2>\n    <\/a>\n  <\/header>\n<\/article>\n      <\/div>\n          <div>\n        <article class=\"teaser-post post-5705 post type-post status-publish format-standard has-post-thumbnail hentry category-news\">\n      <figure>\n      <a href=\"https:\/\/www.azimutbenetti.com\/it\/giovanna-vitelli-riceve-il-premio-blu-livorno-per-la-valorizzazione-e-la-difesa-del-mare-e-dellacqua\/\" title=\"GIOVANNA VITELLI RICEVE IL PREMIO \u2018BLU LIVORNO\u2019 PER LA VALORIZZAZIONE E LA DIFESA DEL MARE E DELL\u2019ACQUA\">\n        <img decoding=\"async\" width=\"1440\" height=\"958\" src=\"https:\/\/www.azimutbenetti.com\/app\/uploads\/2025\/07\/Giovanna-Vitelli-vince-il-premio-Blu-Livorno-1440x958.jpeg\" class=\"attachment-large size-large wp-post-image\" alt=\"\" loading=\"lazy\" srcset=\"https:\/\/www.azimutbenetti.com\/app\/uploads\/2025\/07\/Giovanna-Vitelli-vince-il-premio-Blu-Livorno-1440x958.jpeg 1440w, https:\/\/www.azimutbenetti.com\/app\/uploads\/2025\/07\/Giovanna-Vitelli-vince-il-premio-Blu-Livorno-600x399.jpeg 600w, https:\/\/www.azimutbenetti.com\/app\/uploads\/2025\/07\/Giovanna-Vitelli-vince-il-premio-Blu-Livorno-1024x681.jpeg 1024w, https:\/\/www.azimutbenetti.com\/app\/uploads\/2025\/07\/Giovanna-Vitelli-vince-il-premio-Blu-Livorno-1536x1022.jpeg 1536w, https:\/\/www.azimutbenetti.com\/app\/uploads\/2025\/07\/Giovanna-Vitelli-vince-il-premio-Blu-Livorno-70x47.jpeg 70w, https:\/\/www.azimutbenetti.com\/app\/uploads\/2025\/07\/Giovanna-Vitelli-vince-il-premio-Blu-Livorno-1920x1277.jpeg 1920w, https:\/\/www.azimutbenetti.com\/app\/uploads\/2025\/07\/Giovanna-Vitelli-vince-il-premio-Blu-Livorno.jpeg 2048w\" sizes=\"auto, (max-width: 1440px) 100vw, 1440px\" \/>      <\/a>\n    <\/figure>\n  \n  <div class=\"post-info\">\n    <span>Newsroom<\/span>\n    <time class=\"updated\" datetime=\"2025-07-22T14:51:27+00:00\">\n      22 Luglio 2025\n    <\/time>\n  <\/div>\n\n  <header>\n    <a href=\"https:\/\/www.azimutbenetti.com\/it\/giovanna-vitelli-riceve-il-premio-blu-livorno-per-la-valorizzazione-e-la-difesa-del-mare-e-dellacqua\/\" title=\"GIOVANNA VITELLI RICEVE IL PREMIO \u2018BLU LIVORNO\u2019 PER LA VALORIZZAZIONE E LA DIFESA DEL MARE E DELL\u2019ACQUA\">\n      <h2>\n        GIOVANNA VITELLI RICEVE IL PREMIO \u2018BLU LIVORNO\u2019 PER LA VALORIZZAZIONE E LA DIFESA DEL MARE E DELL\u2019ACQUA\n      <\/h2>\n    <\/a>\n  <\/header>\n<\/article>\n      <\/div>\n      <\/div><!--row-->\n<\/div>\n\n\n\n<div style=\"height:120px\" aria-hidden=\"true\" class=\"wp-block-spacer\"><\/div>\n<\/div>\n\n\n\n<p class=\"\"><\/p>\n","protected":false},"excerpt":{"rendered":"<p>Il Gruppo Azimut|Benetti e SEA Index\u00ae sono lieti di annunciare un importante accordo per ridurre le emissioni di CO2&nbsp;nell\u2019industria nautica&#8230;.<\/p>\n","protected":false},"author":3,"featured_media":5671,"comment_status":"open","ping_status":"open","sticky":false,"template":"","format":"standard","meta":{"_acf_changed":false,"inline_featured_image":false,"footnotes":""},"categories":[4],"tags":[],"class_list":["post-5666","post","type-post","status-publish","format-standard","has-post-thumbnail","hentry","category-news"],"acf":[],"yoast_head":"<!-- This site is optimized with the Yoast SEO plugin v26.9 - https:\/\/yoast.com\/product\/yoast-seo-wordpress\/ -->\n<title>Azimut|Benetti Group adotta SEA Index per superyacht sostenibili<\/title>\n<meta name=\"description\" content=\"Azimut|Benetti Group adotta SEA Index per superyacht sostenibili per implementare il SEA Index CO\u2082 Emission Rating, migliorando la sostenibilit\u00e0 dei superyacht oltre i 24 metri attraverso la valutazione accurata delle emissioni di CO\u2082.\" \/>\n<meta name=\"robots\" content=\"index, follow, max-snippet:-1, max-image-preview:large, max-video-preview:-1\" \/>\n<link rel=\"canonical\" href=\"https:\/\/www.azimutbenetti.com\/it\/azimutbenetti-adotta-sea-index-per-superyacht-sostenibili-di-nuova-generazione\/\" \/>\n<meta property=\"og:locale\" content=\"it_IT\" \/>\n<meta property=\"og:type\" content=\"article\" \/>\n<meta property=\"og:title\" content=\"Azimut|Benetti Group adotta SEA Index per superyacht sostenibili\" \/>\n<meta property=\"og:description\" content=\"Azimut|Benetti Group adotta SEA Index per superyacht sostenibili per implementare il SEA Index CO\u2082 Emission Rating, migliorando la sostenibilit\u00e0 dei superyacht oltre i 24 metri attraverso la valutazione accurata delle emissioni di CO\u2082.\" \/>\n<meta property=\"og:url\" content=\"https:\/\/www.azimutbenetti.com\/it\/azimutbenetti-adotta-sea-index-per-superyacht-sostenibili-di-nuova-generazione\/\" \/>\n<meta property=\"og:site_name\" content=\"Azimut|Benetti Group\" \/>\n<meta property=\"article:published_time\" content=\"2025-02-26T09:16:36+00:00\" \/>\n<meta property=\"article:modified_time\" content=\"2025-02-26T09:23:52+00:00\" \/>\n<meta property=\"og:image\" content=\"https:\/\/www.azimutbenetti.com\/app\/uploads\/2025\/02\/GRANDE2-1.jpg\" \/>\n\t<meta property=\"og:image:width\" content=\"2048\" \/>\n\t<meta property=\"og:image:height\" content=\"1365\" \/>\n\t<meta property=\"og:image:type\" content=\"image\/jpeg\" \/>\n<meta name=\"author\" content=\"Marco Nepote Fus\" \/>\n<meta name=\"twitter:card\" content=\"summary_large_image\" \/>\n<meta name=\"twitter:label1\" content=\"Scritto da\" \/>\n\t<meta name=\"twitter:data1\" content=\"Marco Nepote Fus\" \/>\n\t<meta name=\"twitter:label2\" content=\"Tempo di lettura stimato\" \/>\n\t<meta name=\"twitter:data2\" content=\"3 minuti\" \/>\n<script type=\"application\/ld+json\" class=\"yoast-schema-graph\">{\"@context\":\"https:\/\/schema.org\",\"@graph\":[{\"@type\":\"Article\",\"@id\":\"https:\/\/www.azimutbenetti.com\/it\/azimutbenetti-adotta-sea-index-per-superyacht-sostenibili-di-nuova-generazione\/#article\",\"isPartOf\":{\"@id\":\"https:\/\/www.azimutbenetti.com\/it\/azimutbenetti-adotta-sea-index-per-superyacht-sostenibili-di-nuova-generazione\/\"},\"author\":{\"name\":\"Marco Nepote Fus\",\"@id\":\"https:\/\/www.azimutbenetti.com\/#\/schema\/person\/a230cb3b9fe0a842c8347aca987544e4\"},\"headline\":\"Azimut|Benetti adotta SEA INDEX\u00ae per superyacht sostenibili di nuova generazione\",\"datePublished\":\"2025-02-26T09:16:36+00:00\",\"dateModified\":\"2025-02-26T09:23:52+00:00\",\"mainEntityOfPage\":{\"@id\":\"https:\/\/www.azimutbenetti.com\/it\/azimutbenetti-adotta-sea-index-per-superyacht-sostenibili-di-nuova-generazione\/\"},\"wordCount\":430,\"commentCount\":0,\"publisher\":{\"@id\":\"https:\/\/www.azimutbenetti.com\/#organization\"},\"image\":{\"@id\":\"https:\/\/www.azimutbenetti.com\/it\/azimutbenetti-adotta-sea-index-per-superyacht-sostenibili-di-nuova-generazione\/#primaryimage\"},\"thumbnailUrl\":\"https:\/\/www.azimutbenetti.com\/app\/uploads\/2025\/02\/GRANDE2-1.jpg\",\"articleSection\":[\"Newsroom\"],\"inLanguage\":\"it-IT\",\"potentialAction\":[{\"@type\":\"CommentAction\",\"name\":\"Comment\",\"target\":[\"https:\/\/www.azimutbenetti.com\/it\/azimutbenetti-adotta-sea-index-per-superyacht-sostenibili-di-nuova-generazione\/#respond\"]}]},{\"@type\":\"WebPage\",\"@id\":\"https:\/\/www.azimutbenetti.com\/it\/azimutbenetti-adotta-sea-index-per-superyacht-sostenibili-di-nuova-generazione\/\",\"url\":\"https:\/\/www.azimutbenetti.com\/it\/azimutbenetti-adotta-sea-index-per-superyacht-sostenibili-di-nuova-generazione\/\",\"name\":\"Azimut|Benetti Group adotta SEA Index per superyacht sostenibili\",\"isPartOf\":{\"@id\":\"https:\/\/www.azimutbenetti.com\/#website\"},\"primaryImageOfPage\":{\"@id\":\"https:\/\/www.azimutbenetti.com\/it\/azimutbenetti-adotta-sea-index-per-superyacht-sostenibili-di-nuova-generazione\/#primaryimage\"},\"image\":{\"@id\":\"https:\/\/www.azimutbenetti.com\/it\/azimutbenetti-adotta-sea-index-per-superyacht-sostenibili-di-nuova-generazione\/#primaryimage\"},\"thumbnailUrl\":\"https:\/\/www.azimutbenetti.com\/app\/uploads\/2025\/02\/GRANDE2-1.jpg\",\"datePublished\":\"2025-02-26T09:16:36+00:00\",\"dateModified\":\"2025-02-26T09:23:52+00:00\",\"description\":\"Azimut|Benetti Group adotta SEA Index per superyacht sostenibili per implementare il SEA Index CO\u2082 Emission Rating, migliorando la sostenibilit\u00e0 dei superyacht oltre i 24 metri attraverso la valutazione accurata delle emissioni di CO\u2082.\",\"breadcrumb\":{\"@id\":\"https:\/\/www.azimutbenetti.com\/it\/azimutbenetti-adotta-sea-index-per-superyacht-sostenibili-di-nuova-generazione\/#breadcrumb\"},\"inLanguage\":\"it-IT\",\"potentialAction\":[{\"@type\":\"ReadAction\",\"target\":[\"https:\/\/www.azimutbenetti.com\/it\/azimutbenetti-adotta-sea-index-per-superyacht-sostenibili-di-nuova-generazione\/\"]}]},{\"@type\":\"ImageObject\",\"inLanguage\":\"it-IT\",\"@id\":\"https:\/\/www.azimutbenetti.com\/it\/azimutbenetti-adotta-sea-index-per-superyacht-sostenibili-di-nuova-generazione\/#primaryimage\",\"url\":\"https:\/\/www.azimutbenetti.com\/app\/uploads\/2025\/02\/GRANDE2-1.jpg\",\"contentUrl\":\"https:\/\/www.azimutbenetti.com\/app\/uploads\/2025\/02\/GRANDE2-1.jpg\",\"width\":2048,\"height\":1365,\"caption\":\"Grande 36M exterior\"},{\"@type\":\"BreadcrumbList\",\"@id\":\"https:\/\/www.azimutbenetti.com\/it\/azimutbenetti-adotta-sea-index-per-superyacht-sostenibili-di-nuova-generazione\/#breadcrumb\",\"itemListElement\":[{\"@type\":\"ListItem\",\"position\":1,\"name\":\"Home\",\"item\":\"https:\/\/www.azimutbenetti.com\/it\/\"},{\"@type\":\"ListItem\",\"position\":2,\"name\":\"Newsroom\",\"item\":\"https:\/\/www.azimutbenetti.com\/it\/category\/news\/\"},{\"@type\":\"ListItem\",\"position\":3,\"name\":\"Azimut|Benetti adotta SEA INDEX\u00ae per&hellip;\"}]},{\"@type\":\"WebSite\",\"@id\":\"https:\/\/www.azimutbenetti.com\/#website\",\"url\":\"https:\/\/www.azimutbenetti.com\/\",\"name\":\"Azimut|Benetti Group\",\"description\":\"In Mare. La bellezza. Il futuro. Un Gruppo.\",\"publisher\":{\"@id\":\"https:\/\/www.azimutbenetti.com\/#organization\"},\"potentialAction\":[{\"@type\":\"SearchAction\",\"target\":{\"@type\":\"EntryPoint\",\"urlTemplate\":\"https:\/\/www.azimutbenetti.com\/?s={search_term_string}\"},\"query-input\":{\"@type\":\"PropertyValueSpecification\",\"valueRequired\":true,\"valueName\":\"search_term_string\"}}],\"inLanguage\":\"it-IT\"},{\"@type\":\"Organization\",\"@id\":\"https:\/\/www.azimutbenetti.com\/#organization\",\"name\":\"Azimut | Benetti\",\"url\":\"https:\/\/www.azimutbenetti.com\/\",\"logo\":{\"@type\":\"ImageObject\",\"inLanguage\":\"it-IT\",\"@id\":\"https:\/\/www.azimutbenetti.com\/#\/schema\/logo\/image\/\",\"url\":\"https:\/\/www.azimutbenetti.com\/app\/uploads\/2023\/04\/cropped-FAVICON_01.png\",\"contentUrl\":\"https:\/\/www.azimutbenetti.com\/app\/uploads\/2023\/04\/cropped-FAVICON_01.png\",\"width\":512,\"height\":512,\"caption\":\"Azimut | Benetti\"},\"image\":{\"@id\":\"https:\/\/www.azimutbenetti.com\/#\/schema\/logo\/image\/\"}},{\"@type\":\"Person\",\"@id\":\"https:\/\/www.azimutbenetti.com\/#\/schema\/person\/a230cb3b9fe0a842c8347aca987544e4\",\"name\":\"Marco Nepote Fus\",\"image\":{\"@type\":\"ImageObject\",\"inLanguage\":\"it-IT\",\"@id\":\"https:\/\/www.azimutbenetti.com\/#\/schema\/person\/image\/\",\"url\":\"https:\/\/secure.gravatar.com\/avatar\/10d44fdfac98b587bc3cb042c7afe823b2d124957e5fd8ec79ce01ea3320d02a?s=96&d=mm&r=g\",\"contentUrl\":\"https:\/\/secure.gravatar.com\/avatar\/10d44fdfac98b587bc3cb042c7afe823b2d124957e5fd8ec79ce01ea3320d02a?s=96&d=mm&r=g\",\"caption\":\"Marco Nepote Fus\"}}]}<\/script>\n<!-- \/ Yoast SEO plugin. -->","yoast_head_json":{"title":"Azimut|Benetti Group adotta SEA Index per superyacht sostenibili","description":"Azimut|Benetti Group adotta SEA Index per superyacht sostenibili per implementare il SEA Index CO\u2082 Emission Rating, migliorando la sostenibilit\u00e0 dei superyacht oltre i 24 metri attraverso la valutazione accurata delle emissioni di CO\u2082.","robots":{"index":"index","follow":"follow","max-snippet":"max-snippet:-1","max-image-preview":"max-image-preview:large","max-video-preview":"max-video-preview:-1"},"canonical":"https:\/\/www.azimutbenetti.com\/it\/azimutbenetti-adotta-sea-index-per-superyacht-sostenibili-di-nuova-generazione\/","og_locale":"it_IT","og_type":"article","og_title":"Azimut|Benetti Group adotta SEA Index per superyacht sostenibili","og_description":"Azimut|Benetti Group adotta SEA Index per superyacht sostenibili per implementare il SEA Index CO\u2082 Emission Rating, migliorando la sostenibilit\u00e0 dei superyacht oltre i 24 metri attraverso la valutazione accurata delle emissioni di CO\u2082.","og_url":"https:\/\/www.azimutbenetti.com\/it\/azimutbenetti-adotta-sea-index-per-superyacht-sostenibili-di-nuova-generazione\/","og_site_name":"Azimut|Benetti Group","article_published_time":"2025-02-26T09:16:36+00:00","article_modified_time":"2025-02-26T09:23:52+00:00","og_image":[{"width":2048,"height":1365,"url":"https:\/\/www.azimutbenetti.com\/app\/uploads\/2025\/02\/GRANDE2-1.jpg","type":"image\/jpeg"}],"author":"Marco Nepote Fus","twitter_card":"summary_large_image","twitter_misc":{"Scritto da":"Marco Nepote Fus","Tempo di lettura stimato":"3 minuti"},"schema":{"@context":"https:\/\/schema.org","@graph":[{"@type":"Article","@id":"https:\/\/www.azimutbenetti.com\/it\/azimutbenetti-adotta-sea-index-per-superyacht-sostenibili-di-nuova-generazione\/#article","isPartOf":{"@id":"https:\/\/www.azimutbenetti.com\/it\/azimutbenetti-adotta-sea-index-per-superyacht-sostenibili-di-nuova-generazione\/"},"author":{"name":"Marco Nepote Fus","@id":"https:\/\/www.azimutbenetti.com\/#\/schema\/person\/a230cb3b9fe0a842c8347aca987544e4"},"headline":"Azimut|Benetti adotta SEA INDEX\u00ae per superyacht sostenibili di nuova generazione","datePublished":"2025-02-26T09:16:36+00:00","dateModified":"2025-02-26T09:23:52+00:00","mainEntityOfPage":{"@id":"https:\/\/www.azimutbenetti.com\/it\/azimutbenetti-adotta-sea-index-per-superyacht-sostenibili-di-nuova-generazione\/"},"wordCount":430,"commentCount":0,"publisher":{"@id":"https:\/\/www.azimutbenetti.com\/#organization"},"image":{"@id":"https:\/\/www.azimutbenetti.com\/it\/azimutbenetti-adotta-sea-index-per-superyacht-sostenibili-di-nuova-generazione\/#primaryimage"},"thumbnailUrl":"https:\/\/www.azimutbenetti.com\/app\/uploads\/2025\/02\/GRANDE2-1.jpg","articleSection":["Newsroom"],"inLanguage":"it-IT","potentialAction":[{"@type":"CommentAction","name":"Comment","target":["https:\/\/www.azimutbenetti.com\/it\/azimutbenetti-adotta-sea-index-per-superyacht-sostenibili-di-nuova-generazione\/#respond"]}]},{"@type":"WebPage","@id":"https:\/\/www.azimutbenetti.com\/it\/azimutbenetti-adotta-sea-index-per-superyacht-sostenibili-di-nuova-generazione\/","url":"https:\/\/www.azimutbenetti.com\/it\/azimutbenetti-adotta-sea-index-per-superyacht-sostenibili-di-nuova-generazione\/","name":"Azimut|Benetti Group adotta SEA Index per superyacht sostenibili","isPartOf":{"@id":"https:\/\/www.azimutbenetti.com\/#website"},"primaryImageOfPage":{"@id":"https:\/\/www.azimutbenetti.com\/it\/azimutbenetti-adotta-sea-index-per-superyacht-sostenibili-di-nuova-generazione\/#primaryimage"},"image":{"@id":"https:\/\/www.azimutbenetti.com\/it\/azimutbenetti-adotta-sea-index-per-superyacht-sostenibili-di-nuova-generazione\/#primaryimage"},"thumbnailUrl":"https:\/\/www.azimutbenetti.com\/app\/uploads\/2025\/02\/GRANDE2-1.jpg","datePublished":"2025-02-26T09:16:36+00:00","dateModified":"2025-02-26T09:23:52+00:00","description":"Azimut|Benetti Group adotta SEA Index per superyacht sostenibili per implementare il SEA Index CO\u2082 Emission Rating, migliorando la sostenibilit\u00e0 dei superyacht oltre i 24 metri attraverso la valutazione accurata delle emissioni di CO\u2082.","breadcrumb":{"@id":"https:\/\/www.azimutbenetti.com\/it\/azimutbenetti-adotta-sea-index-per-superyacht-sostenibili-di-nuova-generazione\/#breadcrumb"},"inLanguage":"it-IT","potentialAction":[{"@type":"ReadAction","target":["https:\/\/www.azimutbenetti.com\/it\/azimutbenetti-adotta-sea-index-per-superyacht-sostenibili-di-nuova-generazione\/"]}]},{"@type":"ImageObject","inLanguage":"it-IT","@id":"https:\/\/www.azimutbenetti.com\/it\/azimutbenetti-adotta-sea-index-per-superyacht-sostenibili-di-nuova-generazione\/#primaryimage","url":"https:\/\/www.azimutbenetti.com\/app\/uploads\/2025\/02\/GRANDE2-1.jpg","contentUrl":"https:\/\/www.azimutbenetti.com\/app\/uploads\/2025\/02\/GRANDE2-1.jpg","width":2048,"height":1365,"caption":"Grande 36M exterior"},{"@type":"BreadcrumbList","@id":"https:\/\/www.azimutbenetti.com\/it\/azimutbenetti-adotta-sea-index-per-superyacht-sostenibili-di-nuova-generazione\/#breadcrumb","itemListElement":[{"@type":"ListItem","position":1,"name":"Home","item":"https:\/\/www.azimutbenetti.com\/it\/"},{"@type":"ListItem","position":2,"name":"Newsroom","item":"https:\/\/www.azimutbenetti.com\/it\/category\/news\/"},{"@type":"ListItem","position":3,"name":"Azimut|Benetti adotta SEA INDEX\u00ae per&hellip;"}]},{"@type":"WebSite","@id":"https:\/\/www.azimutbenetti.com\/#website","url":"https:\/\/www.azimutbenetti.com\/","name":"Azimut|Benetti Group","description":"In Mare. La bellezza. Il futuro. Un Gruppo.","publisher":{"@id":"https:\/\/www.azimutbenetti.com\/#organization"},"potentialAction":[{"@type":"SearchAction","target":{"@type":"EntryPoint","urlTemplate":"https:\/\/www.azimutbenetti.com\/?s={search_term_string}"},"query-input":{"@type":"PropertyValueSpecification","valueRequired":true,"valueName":"search_term_string"}}],"inLanguage":"it-IT"},{"@type":"Organization","@id":"https:\/\/www.azimutbenetti.com\/#organization","name":"Azimut | Benetti","url":"https:\/\/www.azimutbenetti.com\/","logo":{"@type":"ImageObject","inLanguage":"it-IT","@id":"https:\/\/www.azimutbenetti.com\/#\/schema\/logo\/image\/","url":"https:\/\/www.azimutbenetti.com\/app\/uploads\/2023\/04\/cropped-FAVICON_01.png","contentUrl":"https:\/\/www.azimutbenetti.com\/app\/uploads\/2023\/04\/cropped-FAVICON_01.png","width":512,"height":512,"caption":"Azimut | Benetti"},"image":{"@id":"https:\/\/www.azimutbenetti.com\/#\/schema\/logo\/image\/"}},{"@type":"Person","@id":"https:\/\/www.azimutbenetti.com\/#\/schema\/person\/a230cb3b9fe0a842c8347aca987544e4","name":"Marco Nepote Fus","image":{"@type":"ImageObject","inLanguage":"it-IT","@id":"https:\/\/www.azimutbenetti.com\/#\/schema\/person\/image\/","url":"https:\/\/secure.gravatar.com\/avatar\/10d44fdfac98b587bc3cb042c7afe823b2d124957e5fd8ec79ce01ea3320d02a?s=96&d=mm&r=g","contentUrl":"https:\/\/secure.gravatar.com\/avatar\/10d44fdfac98b587bc3cb042c7afe823b2d124957e5fd8ec79ce01ea3320d02a?s=96&d=mm&r=g","caption":"Marco Nepote Fus"}}]}},"_links":{"self":[{"href":"https:\/\/www.azimutbenetti.com\/it\/wp-json\/wp\/v2\/posts\/5666","targetHints":{"allow":["GET"]}}],"collection":[{"href":"https:\/\/www.azimutbenetti.com\/it\/wp-json\/wp\/v2\/posts"}],"about":[{"href":"https:\/\/www.azimutbenetti.com\/it\/wp-json\/wp\/v2\/types\/post"}],"author":[{"embeddable":true,"href":"https:\/\/www.azimutbenetti.com\/it\/wp-json\/wp\/v2\/users\/3"}],"replies":[{"embeddable":true,"href":"https:\/\/www.azimutbenetti.com\/it\/wp-json\/wp\/v2\/comments?post=5666"}],"version-history":[{"count":6,"href":"https:\/\/www.azimutbenetti.com\/it\/wp-json\/wp\/v2\/posts\/5666\/revisions"}],"predecessor-version":[{"id":5682,"href":"https:\/\/www.azimutbenetti.com\/it\/wp-json\/wp\/v2\/posts\/5666\/revisions\/5682"}],"wp:featuredmedia":[{"embeddable":true,"href":"https:\/\/www.azimutbenetti.com\/it\/wp-json\/wp\/v2\/media\/5671"}],"wp:attachment":[{"href":"https:\/\/www.azimutbenetti.com\/it\/wp-json\/wp\/v2\/media?parent=5666"}],"wp:term":[{"taxonomy":"category","embeddable":true,"href":"https:\/\/www.azimutbenetti.com\/it\/wp-json\/wp\/v2\/categories?post=5666"},{"taxonomy":"post_tag","embeddable":true,"href":"https:\/\/www.azimutbenetti.com\/it\/wp-json\/wp\/v2\/tags?post=5666"}],"curies":[{"name":"wp","href":"https:\/\/api.w.org\/{rel}","templated":true}]}}