{"id":5506,"date":"2024-11-08T15:12:42","date_gmt":"2024-11-08T14:12:42","guid":{"rendered":"https:\/\/www.azimutbenetti.com\/?p=5506"},"modified":"2024-11-08T15:15:09","modified_gmt":"2024-11-08T14:15:09","slug":"giovanna-vitelli-vince-il-premio-ey-imprenditore-dellanno-2024","status":"publish","type":"post","link":"https:\/\/www.azimutbenetti.com\/it\/giovanna-vitelli-vince-il-premio-ey-imprenditore-dellanno-2024\/","title":{"rendered":"GIOVANNA VITELLI VINCE IL PREMIO EY IMPRENDITORE DELL\u2019ANNO\u00ae 2024"},"content":{"rendered":"\n<div class=\"wp-block-group thor-maxwidth-lg is-layout-constrained wp-block-group-is-layout-constrained\">\n<div style=\"height:120px\" aria-hidden=\"true\" class=\"wp-block-spacer\"><\/div>\n\n\n\n<p class=\"is-style-sans-with-animation has-xl-font-size\"><strong><strong>Giovanna Vitelli, Presidente del Gruppo\u00a0Azimut|Benetti,\u00a0\u00e8 la\u00a0Vincitrice\u00a0Nazionale della ventisettesima edizione del\u00a0Premio\u00a0EY L\u2019Imprenditore dell\u2019Anno\u00ae.\u00a0<\/strong><\/strong><\/p>\n\n\n\n<div style=\"height:60px\" aria-hidden=\"true\" class=\"wp-block-spacer\"><\/div>\n\n\n\n<p class=\"is-style-sans-with-animation has-small-font-size\">La giuria indipendente, composta da esponenti delle istituzioni, dell\u2019economia e dell\u2019industria, ha conferito il prestigioso riconoscimento a Giovanna Vitelli per \u201c<em>aver saputo indirizzare l\u2019azienda, non solo alla crescita per dimensioni e profittabilit\u00e0, ma per aver anche ispirato cambiamenti tecnologici, progetti incentrati sulla sostenibilit\u00e0, sul benessere dei dipendenti e sulla responsabilit\u00e0 sociale d\u2019impresa<\/em>\u201d.\u00a0\u00a0<\/p>\n\n\n\n<p class=\"is-style-sans-with-animation has-small-font-size\">Il premio viene assegnato ogni anno da\u00a0<strong>EY<\/strong>\u00a0\u2013\u00a0<strong>leader mondiale nei servizi professionali di revisione e organizzazione contabile, assistenza fiscale e legale, transaction e consulenza<\/strong>\u00a0\u2013 agli imprenditori italiani che hanno contribuito alla crescita economica, sociale e ambientale del Paese. I premiati si distinguono per capacit\u00e0 di\u00a0<strong>trasformazione, innovazione e impegno verso la sostenibilit\u00e0<\/strong>, dimostrati in un contesto di sfide rilevanti e continuo cambiamento.\u00a0\u00a0<\/p>\n\n\n\n<div style=\"height:60px\" aria-hidden=\"true\" class=\"wp-block-spacer\"><\/div>\n\n\n\n<p class=\"is-style-sans-with-animation has-small-font-size\">Dopo aver esercitato la professione legale in materia societaria,\u00a0<strong>Giovanna Vitelli<\/strong>\u00a0entra a fare parte del Consiglio di Amministrazione del Gruppo di famiglia Azimut|Benetti nel 2000, assume progressivamente la guida dello sviluppo prodotto e diventa\u00a0<strong>Presidente nel 2023<\/strong>. Il Gruppo \u2013 da ventiquattro anni consecutivi primo produttore di mega yacht al mondo \u2013 ha concluso l\u2019esercizio pi\u00f9 recente con\u00a0<strong>ricavi pari a 1.3 miliardi di euro<\/strong>, registrando una crescita del 55% negli ultimi quattro anni.\u00a0\u00a0<\/p>\n\n\n\n<div style=\"height:60px\" aria-hidden=\"true\" class=\"wp-block-spacer\"><\/div>\n\n\n\n<p class=\"is-style-sans-with-animation has-small-font-size\">In continuit\u00e0 con la missione e i valori del Gruppo fondato dal padre, Giovanna Vitelli identifica nel\u00a0<strong>costante investimento a favore<\/strong>\u00a0<strong>dell\u2019innovazione\u00a0<\/strong>il fattore determinante per confermare la leadership\u00a0<strong>e generare valore<\/strong>\u00a0per le persone e il territorio. Pertanto la\u00a0<strong>strategia di sviluppo del prodotto\u00a0<\/strong>\u2013 coerente con il posizionamento dei brand Azimut e Benetti \u2013 include tanto la creazione di nuovi\u00a0<strong>trend e lifestyle di bordo<\/strong>, quanto l\u2019<strong>avanzamento tecnologico<\/strong>, affrontando con grande anticipo sui tempi la sfida della riduzione dell\u2019impatto ambientale.\u00a0\u00a0<\/p>\n\n\n\n<div style=\"height:60px\" aria-hidden=\"true\" class=\"wp-block-spacer\"><\/div>\n\n\n\n<p class=\"is-style-sans-with-animation has-small-font-size\">Sin dall\u2019inizio del suo percorso imprenditoriale, Giovanna Vitelli ha infatti esplorato\u00a0nuove frontiere del design nautico, incoraggiando uffici tecnici e designer a\u00a0ripensare gli spazi di bordo\u00a0per offrire agli armatori di oggi yacht che rispondano a uno stile di vita pi\u00f9 contemporaneo, incentrato sulla socialit\u00e0, l\u2019eleganza e la vicinanza al mare. Ne sono esempi recenti le gamme Oasis Deck\u00ae di Benetti e Seadeck di Azimut, campioni di vendite sul mercato. In questo processo di evoluzione, il Gruppo si \u00e8 affermato come\u00a0Design Hub dalle molteplici collaborazioni\u00a0internazionali, introducendo nel settore architetti e creativi che lo hanno arricchito con influenze e soluzioni inedite e innovative.\u00a0<\/p>\n\n\n\n<div style=\"height:60px\" aria-hidden=\"true\" class=\"wp-block-spacer\"><\/div>\n\n\n\n<p class=\"is-style-sans-with-animation has-small-font-size\">Nell\u2019ambito della\u00a0<strong>sostenibilit\u00e0 ambientale<\/strong>, il Gruppo adotta una strategia che coniuga concretezza e visione ambiziosa, offrendo\u00a0<strong>i migliori risultati raggiunti oggi dal settore nella riduzione delle emissioni<\/strong>\u00a0grazie allo sviluppo e all\u2019integrazione delle pi\u00f9 efficaci soluzioni disponibili: riduzione dei pesi, carene ad alta efficienza, propulsioni ibride e\u00a0<em>power management<\/em>\u00a0di bordo. Al contempo, in collaborazione con enti esterni e universit\u00e0, promuove la\u00a0<strong>definizione di standard condivisi di certificazione<\/strong>\u00a0di consumi ed emissioni, al fine di guidare l\u2019industria verso un approccio sempre pi\u00f9 consapevole e maturo.\u00a0<\/p>\n\n\n\n<div style=\"height:60px\" aria-hidden=\"true\" class=\"wp-block-spacer\"><\/div>\n\n\n\n<p class=\"is-style-sans-with-animation has-small-font-size\">A supporto del successo della strategia, la Presidente Giovanna Vitelli ha avviato un percorso di rafforzamento della\u00a0<strong>cultura manageriale e della governance<\/strong>, istituendo inoltre la\u00a0<strong>Azimut|Benetti Group Corporate Academy<\/strong>, finalizzata alla formazione e alla crescita professionale delle persone, con l\u2019obiettivo di tramandare in azienda il\u00a0<em>saper fare<\/em>\u00a0simbolo dell\u2019eccellenza tecnologica, ingegneristica e manifatturiera italiana e di supportare l\u2019ingresso dei giovani nel mondo della nautica.\u00a0\u00a0<\/p>\n\n\n\n<div style=\"height:60px\" aria-hidden=\"true\" class=\"wp-block-spacer\"><\/div>\n\n\n\n<p class=\"is-style-sans-with-animation has-small-font-size\"><em>\u201cRitengo che questo premio rappresenti un riconoscimento per i risultati di tutta l\u2019azienda\u202fnell\u2019aver accompagnato gli armatori verso una nuova era e un nuovo modo di vivere il mare\u201d,\u00a0<\/em><strong>commenta Giovanna Vitelli, Presidente del Gruppo Azimut|Benetti<\/strong>. E aggiunge: \u201c<em>Come azienda familiare, abbiamo il privilegio di guardare lontano e creare valore nel tempo.\u202fOggi, questo significa impegnarsi ad abbattere le emissioni per\u202frendere il mondo della nautica pi\u00f9 sostenibile, ispirando anche gli altri protagonisti del settore. Ma soprattutto, significa continuare a coniugare la pi\u00f9 grande bellezza con la pi\u00f9 sofisticata tecnologia.\u202fIl mio ringraziamento va alle\u202f2250\u202fpersone che in tutto il mondo lavorano nel Gruppo\u202fAzimut|Benetti\u202fe che, insieme a me, continuano a tracciare la rotta<\/em>\u201d.\u00a0<\/p>\n\n\n\n<div style=\"height:120px\" aria-hidden=\"true\" class=\"wp-block-spacer\"><\/div>\n<\/div>\n\n\n\n<div class=\"wp-block-group thor-maxwidth-3xl is-layout-constrained wp-block-group-is-layout-constrained\">\n<h2 class=\"wp-block-heading is-style-default has-3-xl-font-size\">Potrebbe interessarti anche:<\/h2>\n\n\n\n<div style=\"height:60px\" aria-hidden=\"true\" class=\"wp-block-spacer\"><\/div>\n\n\n<div id=\"thor-posts-listblock_46ba562c57f290d0c6dd290baaec9b79\" class=\"thor-posts-list\">\n  <div class=\"grid-list four\">\n              <div>\n        <article class=\"teaser-post post-5797 post type-post status-publish format-standard has-post-thumbnail hentry category-news\">\n      <figure>\n      <a href=\"https:\/\/www.azimutbenetti.com\/it\/il-gruppo-azimutbenetti-si-aggiudica-gli-yacht-style-awards-2026\/\" title=\"Il Gruppo Azimut|benetti si aggiudica gli Yacht Style Awards 2026\">\n        <img decoding=\"async\" width=\"1440\" height=\"960\" src=\"https:\/\/www.azimutbenetti.com\/app\/uploads\/2026\/04\/Yacht-Style-Awards-Winner-2026-Most-Active-Global-Yacht-Group-Azimut-Benetti-Group-1-1440x960.jpg\" class=\"attachment-large size-large wp-post-image\" alt=\"\" loading=\"lazy\" srcset=\"https:\/\/www.azimutbenetti.com\/app\/uploads\/2026\/04\/Yacht-Style-Awards-Winner-2026-Most-Active-Global-Yacht-Group-Azimut-Benetti-Group-1-1440x960.jpg 1440w, https:\/\/www.azimutbenetti.com\/app\/uploads\/2026\/04\/Yacht-Style-Awards-Winner-2026-Most-Active-Global-Yacht-Group-Azimut-Benetti-Group-1-600x400.jpg 600w, https:\/\/www.azimutbenetti.com\/app\/uploads\/2026\/04\/Yacht-Style-Awards-Winner-2026-Most-Active-Global-Yacht-Group-Azimut-Benetti-Group-1-1024x683.jpg 1024w, https:\/\/www.azimutbenetti.com\/app\/uploads\/2026\/04\/Yacht-Style-Awards-Winner-2026-Most-Active-Global-Yacht-Group-Azimut-Benetti-Group-1-1536x1024.jpg 1536w, https:\/\/www.azimutbenetti.com\/app\/uploads\/2026\/04\/Yacht-Style-Awards-Winner-2026-Most-Active-Global-Yacht-Group-Azimut-Benetti-Group-1-70x47.jpg 70w, https:\/\/www.azimutbenetti.com\/app\/uploads\/2026\/04\/Yacht-Style-Awards-Winner-2026-Most-Active-Global-Yacht-Group-Azimut-Benetti-Group-1-1920x1280.jpg 1920w, https:\/\/www.azimutbenetti.com\/app\/uploads\/2026\/04\/Yacht-Style-Awards-Winner-2026-Most-Active-Global-Yacht-Group-Azimut-Benetti-Group-1.jpg 2048w\" sizes=\"auto, (max-width: 1440px) 100vw, 1440px\" \/>      <\/a>\n    <\/figure>\n  \n  <div class=\"post-info\">\n    <span>Newsroom<\/span>\n    <time class=\"updated\" datetime=\"2026-04-27T11:17:31+00:00\">\n      27 Aprile 2026\n    <\/time>\n  <\/div>\n\n  <header>\n    <a href=\"https:\/\/www.azimutbenetti.com\/it\/il-gruppo-azimutbenetti-si-aggiudica-gli-yacht-style-awards-2026\/\" title=\"Il Gruppo Azimut|benetti si aggiudica gli Yacht Style Awards 2026\">\n      <h2>\n        Il Gruppo Azimut|benetti si aggiudica gli Yacht Style Awards 2026\n      <\/h2>\n    <\/a>\n  <\/header>\n<\/article>\n      <\/div>\n          <div>\n        <article class=\"teaser-post post-5741 post type-post status-publish format-standard has-post-thumbnail hentry category-news\">\n      <figure>\n      <a href=\"https:\/\/www.azimutbenetti.com\/it\/il-gruppo-azimutbenetti-innova-la-sicurezza-in-mare\/\" title=\"Il Gruppo Azimut|Benetti innova la sicurezza in mare\">\n        <img decoding=\"async\" width=\"1440\" height=\"960\" src=\"https:\/\/www.azimutbenetti.com\/app\/uploads\/2025\/10\/WATCHIT-Eye-1440x960.jpg\" class=\"attachment-large size-large wp-post-image\" alt=\"\" loading=\"lazy\" srcset=\"https:\/\/www.azimutbenetti.com\/app\/uploads\/2025\/10\/WATCHIT-Eye-1440x960.jpg 1440w, https:\/\/www.azimutbenetti.com\/app\/uploads\/2025\/10\/WATCHIT-Eye-600x400.jpg 600w, https:\/\/www.azimutbenetti.com\/app\/uploads\/2025\/10\/WATCHIT-Eye-1024x683.jpg 1024w, https:\/\/www.azimutbenetti.com\/app\/uploads\/2025\/10\/WATCHIT-Eye-1536x1024.jpg 1536w, https:\/\/www.azimutbenetti.com\/app\/uploads\/2025\/10\/WATCHIT-Eye-70x47.jpg 70w, https:\/\/www.azimutbenetti.com\/app\/uploads\/2025\/10\/WATCHIT-Eye-1920x1280.jpg 1920w, https:\/\/www.azimutbenetti.com\/app\/uploads\/2025\/10\/WATCHIT-Eye.jpg 2048w\" sizes=\"auto, (max-width: 1440px) 100vw, 1440px\" \/>      <\/a>\n    <\/figure>\n  \n  <div class=\"post-info\">\n    <span>Newsroom<\/span>\n    <time class=\"updated\" datetime=\"2025-10-23T09:21:00+00:00\">\n      23 Ottobre 2025\n    <\/time>\n  <\/div>\n\n  <header>\n    <a href=\"https:\/\/www.azimutbenetti.com\/it\/il-gruppo-azimutbenetti-innova-la-sicurezza-in-mare\/\" title=\"Il Gruppo Azimut|Benetti innova la sicurezza in mare\">\n      <h2>\n        Il Gruppo Azimut|Benetti innova la sicurezza in mare\n      <\/h2>\n    <\/a>\n  <\/header>\n<\/article>\n      <\/div>\n          <div>\n        <article class=\"teaser-post post-5710 post type-post status-publish format-standard has-post-thumbnail hentry category-news\">\n      <figure>\n      <a href=\"https:\/\/www.azimutbenetti.com\/it\/azimutbenetti-chiusura-2024-25-a-e15-mld-15-e-ordini-fino-al-2029\/\" title=\"AZIMUT|BENETTI: CHIUSURA 2024\/25 A \u20ac1,5 MLD (+15%) E ORDINI FINO AL 2029\">\n        <img decoding=\"async\" width=\"1440\" height=\"960\" src=\"https:\/\/www.azimutbenetti.com\/app\/uploads\/2025\/09\/Cantiere-Benetti-Livorno-2-1440x960.jpg\" class=\"attachment-large size-large wp-post-image\" alt=\"Cantiere Benetti livorno\" loading=\"lazy\" srcset=\"https:\/\/www.azimutbenetti.com\/app\/uploads\/2025\/09\/Cantiere-Benetti-Livorno-2-1440x960.jpg 1440w, https:\/\/www.azimutbenetti.com\/app\/uploads\/2025\/09\/Cantiere-Benetti-Livorno-2-600x400.jpg 600w, https:\/\/www.azimutbenetti.com\/app\/uploads\/2025\/09\/Cantiere-Benetti-Livorno-2-1024x683.jpg 1024w, https:\/\/www.azimutbenetti.com\/app\/uploads\/2025\/09\/Cantiere-Benetti-Livorno-2-1536x1024.jpg 1536w, https:\/\/www.azimutbenetti.com\/app\/uploads\/2025\/09\/Cantiere-Benetti-Livorno-2-70x47.jpg 70w, https:\/\/www.azimutbenetti.com\/app\/uploads\/2025\/09\/Cantiere-Benetti-Livorno-2-1920x1280.jpg 1920w, https:\/\/www.azimutbenetti.com\/app\/uploads\/2025\/09\/Cantiere-Benetti-Livorno-2.jpg 2048w\" sizes=\"auto, (max-width: 1440px) 100vw, 1440px\" \/>      <\/a>\n    <\/figure>\n  \n  <div class=\"post-info\">\n    <span>Newsroom<\/span>\n    <time class=\"updated\" datetime=\"2025-09-03T10:18:30+00:00\">\n      3 Settembre 2025\n    <\/time>\n  <\/div>\n\n  <header>\n    <a href=\"https:\/\/www.azimutbenetti.com\/it\/azimutbenetti-chiusura-2024-25-a-e15-mld-15-e-ordini-fino-al-2029\/\" title=\"AZIMUT|BENETTI: CHIUSURA 2024\/25 A \u20ac1,5 MLD (+15%) E ORDINI FINO AL 2029\">\n      <h2>\n        AZIMUT|BENETTI: CHIUSURA 2024\/25 A \u20ac1,5 MLD (+15%) E ORDINI FINO AL 2029\n      <\/h2>\n    <\/a>\n  <\/header>\n<\/article>\n      <\/div>\n          <div>\n        <article class=\"teaser-post post-5705 post type-post status-publish format-standard has-post-thumbnail hentry category-news\">\n      <figure>\n      <a href=\"https:\/\/www.azimutbenetti.com\/it\/giovanna-vitelli-riceve-il-premio-blu-livorno-per-la-valorizzazione-e-la-difesa-del-mare-e-dellacqua\/\" title=\"GIOVANNA VITELLI RICEVE IL PREMIO \u2018BLU LIVORNO\u2019 PER LA VALORIZZAZIONE E LA DIFESA DEL MARE E DELL\u2019ACQUA\">\n        <img decoding=\"async\" width=\"1440\" height=\"958\" src=\"https:\/\/www.azimutbenetti.com\/app\/uploads\/2025\/07\/Giovanna-Vitelli-vince-il-premio-Blu-Livorno-1440x958.jpeg\" class=\"attachment-large size-large wp-post-image\" alt=\"\" loading=\"lazy\" srcset=\"https:\/\/www.azimutbenetti.com\/app\/uploads\/2025\/07\/Giovanna-Vitelli-vince-il-premio-Blu-Livorno-1440x958.jpeg 1440w, https:\/\/www.azimutbenetti.com\/app\/uploads\/2025\/07\/Giovanna-Vitelli-vince-il-premio-Blu-Livorno-600x399.jpeg 600w, https:\/\/www.azimutbenetti.com\/app\/uploads\/2025\/07\/Giovanna-Vitelli-vince-il-premio-Blu-Livorno-1024x681.jpeg 1024w, https:\/\/www.azimutbenetti.com\/app\/uploads\/2025\/07\/Giovanna-Vitelli-vince-il-premio-Blu-Livorno-1536x1022.jpeg 1536w, https:\/\/www.azimutbenetti.com\/app\/uploads\/2025\/07\/Giovanna-Vitelli-vince-il-premio-Blu-Livorno-70x47.jpeg 70w, https:\/\/www.azimutbenetti.com\/app\/uploads\/2025\/07\/Giovanna-Vitelli-vince-il-premio-Blu-Livorno-1920x1277.jpeg 1920w, https:\/\/www.azimutbenetti.com\/app\/uploads\/2025\/07\/Giovanna-Vitelli-vince-il-premio-Blu-Livorno.jpeg 2048w\" sizes=\"auto, (max-width: 1440px) 100vw, 1440px\" \/>      <\/a>\n    <\/figure>\n  \n  <div class=\"post-info\">\n    <span>Newsroom<\/span>\n    <time class=\"updated\" datetime=\"2025-07-22T14:51:27+00:00\">\n      22 Luglio 2025\n    <\/time>\n  <\/div>\n\n  <header>\n    <a href=\"https:\/\/www.azimutbenetti.com\/it\/giovanna-vitelli-riceve-il-premio-blu-livorno-per-la-valorizzazione-e-la-difesa-del-mare-e-dellacqua\/\" title=\"GIOVANNA VITELLI RICEVE IL PREMIO \u2018BLU LIVORNO\u2019 PER LA VALORIZZAZIONE E LA DIFESA DEL MARE E DELL\u2019ACQUA\">\n      <h2>\n        GIOVANNA VITELLI RICEVE IL PREMIO \u2018BLU LIVORNO\u2019 PER LA VALORIZZAZIONE E LA DIFESA DEL MARE E DELL\u2019ACQUA\n      <\/h2>\n    <\/a>\n  <\/header>\n<\/article>\n      <\/div>\n      <\/div><!--row-->\n<\/div>\n\n\n\n<div style=\"height:120px\" aria-hidden=\"true\" class=\"wp-block-spacer\"><\/div>\n<\/div>\n","protected":false},"excerpt":{"rendered":"<p>Giovanna Vitelli, Presidente del Gruppo\u00a0Azimut|Benetti,\u00a0\u00e8 la\u00a0Vincitrice\u00a0Nazionale della ventisettesima edizione del\u00a0Premio\u00a0EY L\u2019Imprenditore dell\u2019Anno\u00ae.\u00a0 La giuria indipendente, composta da esponenti delle istituzioni,&#8230;<\/p>\n","protected":false},"author":3,"featured_media":5508,"comment_status":"open","ping_status":"open","sticky":false,"template":"","format":"standard","meta":{"_acf_changed":false,"inline_featured_image":false,"footnotes":""},"categories":[4],"tags":[],"class_list":["post-5506","post","type-post","status-publish","format-standard","has-post-thumbnail","hentry","category-news"],"acf":[],"yoast_head":"<!-- This site is optimized with the Yoast SEO plugin v26.9 - https:\/\/yoast.com\/product\/yoast-seo-wordpress\/ -->\n<title>Giovanna Vitelli premio EY Imprenditore dell&#039;Anno 2024 - Azimut|Benetti Group<\/title>\n<meta name=\"description\" content=\"Azimut|Benetti celebra Giovanna Vitelli, vincitrice del Premio EY Imprenditore dell\u2019Anno 2024, per il suo contributo innovativo e la leadership nel settore della nautica di lusso sostenibile. Scopri di pi\u00f9 sui suoi successi e visione aziendale.\" \/>\n<meta name=\"robots\" content=\"index, follow, max-snippet:-1, max-image-preview:large, max-video-preview:-1\" \/>\n<link rel=\"canonical\" href=\"https:\/\/www.azimutbenetti.com\/it\/giovanna-vitelli-vince-il-premio-ey-imprenditore-dellanno-2024\/\" \/>\n<meta property=\"og:locale\" content=\"it_IT\" \/>\n<meta property=\"og:type\" content=\"article\" \/>\n<meta property=\"og:title\" content=\"Giovanna Vitelli premio EY Imprenditore dell&#039;Anno 2024 - Azimut|Benetti Group\" \/>\n<meta property=\"og:description\" content=\"Azimut|Benetti celebra Giovanna Vitelli, vincitrice del Premio EY Imprenditore dell\u2019Anno 2024, per il suo contributo innovativo e la leadership nel settore della nautica di lusso sostenibile. Scopri di pi\u00f9 sui suoi successi e visione aziendale.\" \/>\n<meta property=\"og:url\" content=\"https:\/\/www.azimutbenetti.com\/it\/giovanna-vitelli-vince-il-premio-ey-imprenditore-dellanno-2024\/\" \/>\n<meta property=\"og:site_name\" content=\"Azimut|Benetti Group\" \/>\n<meta property=\"article:published_time\" content=\"2024-11-08T14:12:42+00:00\" \/>\n<meta property=\"article:modified_time\" content=\"2024-11-08T14:15:09+00:00\" \/>\n<meta property=\"og:image\" content=\"https:\/\/www.azimutbenetti.com\/app\/uploads\/2024\/11\/Giovanna-Vitelli_EY-Entrepreneur-of-the-Year.jpg\" \/>\n\t<meta property=\"og:image:width\" content=\"2048\" \/>\n\t<meta property=\"og:image:height\" content=\"1366\" \/>\n\t<meta property=\"og:image:type\" content=\"image\/jpeg\" \/>\n<meta name=\"author\" content=\"Marco Nepote Fus\" \/>\n<meta name=\"twitter:card\" content=\"summary_large_image\" \/>\n<meta name=\"twitter:label1\" content=\"Scritto da\" \/>\n\t<meta name=\"twitter:data1\" content=\"Marco Nepote Fus\" \/>\n\t<meta name=\"twitter:label2\" content=\"Tempo di lettura stimato\" \/>\n\t<meta name=\"twitter:data2\" content=\"4 minuti\" \/>\n<script type=\"application\/ld+json\" class=\"yoast-schema-graph\">{\"@context\":\"https:\/\/schema.org\",\"@graph\":[{\"@type\":\"Article\",\"@id\":\"https:\/\/www.azimutbenetti.com\/it\/giovanna-vitelli-vince-il-premio-ey-imprenditore-dellanno-2024\/#article\",\"isPartOf\":{\"@id\":\"https:\/\/www.azimutbenetti.com\/it\/giovanna-vitelli-vince-il-premio-ey-imprenditore-dellanno-2024\/\"},\"author\":{\"name\":\"Marco Nepote Fus\",\"@id\":\"https:\/\/www.azimutbenetti.com\/#\/schema\/person\/a230cb3b9fe0a842c8347aca987544e4\"},\"headline\":\"GIOVANNA VITELLI VINCE IL PREMIO EY IMPRENDITORE DELL\u2019ANNO\u00ae 2024\",\"datePublished\":\"2024-11-08T14:12:42+00:00\",\"dateModified\":\"2024-11-08T14:15:09+00:00\",\"mainEntityOfPage\":{\"@id\":\"https:\/\/www.azimutbenetti.com\/it\/giovanna-vitelli-vince-il-premio-ey-imprenditore-dellanno-2024\/\"},\"wordCount\":686,\"commentCount\":0,\"publisher\":{\"@id\":\"https:\/\/www.azimutbenetti.com\/#organization\"},\"image\":{\"@id\":\"https:\/\/www.azimutbenetti.com\/it\/giovanna-vitelli-vince-il-premio-ey-imprenditore-dellanno-2024\/#primaryimage\"},\"thumbnailUrl\":\"https:\/\/www.azimutbenetti.com\/app\/uploads\/2024\/11\/Giovanna-Vitelli_EY-Entrepreneur-of-the-Year.jpg\",\"articleSection\":[\"Newsroom\"],\"inLanguage\":\"it-IT\",\"potentialAction\":[{\"@type\":\"CommentAction\",\"name\":\"Comment\",\"target\":[\"https:\/\/www.azimutbenetti.com\/it\/giovanna-vitelli-vince-il-premio-ey-imprenditore-dellanno-2024\/#respond\"]}]},{\"@type\":\"WebPage\",\"@id\":\"https:\/\/www.azimutbenetti.com\/it\/giovanna-vitelli-vince-il-premio-ey-imprenditore-dellanno-2024\/\",\"url\":\"https:\/\/www.azimutbenetti.com\/it\/giovanna-vitelli-vince-il-premio-ey-imprenditore-dellanno-2024\/\",\"name\":\"Giovanna Vitelli premio EY Imprenditore dell'Anno 2024 - Azimut|Benetti Group\",\"isPartOf\":{\"@id\":\"https:\/\/www.azimutbenetti.com\/#website\"},\"primaryImageOfPage\":{\"@id\":\"https:\/\/www.azimutbenetti.com\/it\/giovanna-vitelli-vince-il-premio-ey-imprenditore-dellanno-2024\/#primaryimage\"},\"image\":{\"@id\":\"https:\/\/www.azimutbenetti.com\/it\/giovanna-vitelli-vince-il-premio-ey-imprenditore-dellanno-2024\/#primaryimage\"},\"thumbnailUrl\":\"https:\/\/www.azimutbenetti.com\/app\/uploads\/2024\/11\/Giovanna-Vitelli_EY-Entrepreneur-of-the-Year.jpg\",\"datePublished\":\"2024-11-08T14:12:42+00:00\",\"dateModified\":\"2024-11-08T14:15:09+00:00\",\"description\":\"Azimut|Benetti celebra Giovanna Vitelli, vincitrice del Premio EY Imprenditore dell\u2019Anno 2024, per il suo contributo innovativo e la leadership nel settore della nautica di lusso sostenibile. Scopri di pi\u00f9 sui suoi successi e visione aziendale.\",\"breadcrumb\":{\"@id\":\"https:\/\/www.azimutbenetti.com\/it\/giovanna-vitelli-vince-il-premio-ey-imprenditore-dellanno-2024\/#breadcrumb\"},\"inLanguage\":\"it-IT\",\"potentialAction\":[{\"@type\":\"ReadAction\",\"target\":[\"https:\/\/www.azimutbenetti.com\/it\/giovanna-vitelli-vince-il-premio-ey-imprenditore-dellanno-2024\/\"]}]},{\"@type\":\"ImageObject\",\"inLanguage\":\"it-IT\",\"@id\":\"https:\/\/www.azimutbenetti.com\/it\/giovanna-vitelli-vince-il-premio-ey-imprenditore-dellanno-2024\/#primaryimage\",\"url\":\"https:\/\/www.azimutbenetti.com\/app\/uploads\/2024\/11\/Giovanna-Vitelli_EY-Entrepreneur-of-the-Year.jpg\",\"contentUrl\":\"https:\/\/www.azimutbenetti.com\/app\/uploads\/2024\/11\/Giovanna-Vitelli_EY-Entrepreneur-of-the-Year.jpg\",\"width\":2048,\"height\":1366},{\"@type\":\"BreadcrumbList\",\"@id\":\"https:\/\/www.azimutbenetti.com\/it\/giovanna-vitelli-vince-il-premio-ey-imprenditore-dellanno-2024\/#breadcrumb\",\"itemListElement\":[{\"@type\":\"ListItem\",\"position\":1,\"name\":\"Home\",\"item\":\"https:\/\/www.azimutbenetti.com\/it\/\"},{\"@type\":\"ListItem\",\"position\":2,\"name\":\"Newsroom\",\"item\":\"https:\/\/www.azimutbenetti.com\/it\/category\/news\/\"},{\"@type\":\"ListItem\",\"position\":3,\"name\":\"GIOVANNA VITELLI VINCE IL PREMIO&hellip;\"}]},{\"@type\":\"WebSite\",\"@id\":\"https:\/\/www.azimutbenetti.com\/#website\",\"url\":\"https:\/\/www.azimutbenetti.com\/\",\"name\":\"Azimut|Benetti Group\",\"description\":\"In Mare. La bellezza. Il futuro. Un Gruppo.\",\"publisher\":{\"@id\":\"https:\/\/www.azimutbenetti.com\/#organization\"},\"potentialAction\":[{\"@type\":\"SearchAction\",\"target\":{\"@type\":\"EntryPoint\",\"urlTemplate\":\"https:\/\/www.azimutbenetti.com\/?s={search_term_string}\"},\"query-input\":{\"@type\":\"PropertyValueSpecification\",\"valueRequired\":true,\"valueName\":\"search_term_string\"}}],\"inLanguage\":\"it-IT\"},{\"@type\":\"Organization\",\"@id\":\"https:\/\/www.azimutbenetti.com\/#organization\",\"name\":\"Azimut | Benetti\",\"url\":\"https:\/\/www.azimutbenetti.com\/\",\"logo\":{\"@type\":\"ImageObject\",\"inLanguage\":\"it-IT\",\"@id\":\"https:\/\/www.azimutbenetti.com\/#\/schema\/logo\/image\/\",\"url\":\"https:\/\/www.azimutbenetti.com\/app\/uploads\/2023\/04\/cropped-FAVICON_01.png\",\"contentUrl\":\"https:\/\/www.azimutbenetti.com\/app\/uploads\/2023\/04\/cropped-FAVICON_01.png\",\"width\":512,\"height\":512,\"caption\":\"Azimut | Benetti\"},\"image\":{\"@id\":\"https:\/\/www.azimutbenetti.com\/#\/schema\/logo\/image\/\"}},{\"@type\":\"Person\",\"@id\":\"https:\/\/www.azimutbenetti.com\/#\/schema\/person\/a230cb3b9fe0a842c8347aca987544e4\",\"name\":\"Marco Nepote Fus\",\"image\":{\"@type\":\"ImageObject\",\"inLanguage\":\"it-IT\",\"@id\":\"https:\/\/www.azimutbenetti.com\/#\/schema\/person\/image\/\",\"url\":\"https:\/\/secure.gravatar.com\/avatar\/10d44fdfac98b587bc3cb042c7afe823b2d124957e5fd8ec79ce01ea3320d02a?s=96&d=mm&r=g\",\"contentUrl\":\"https:\/\/secure.gravatar.com\/avatar\/10d44fdfac98b587bc3cb042c7afe823b2d124957e5fd8ec79ce01ea3320d02a?s=96&d=mm&r=g\",\"caption\":\"Marco Nepote Fus\"}}]}<\/script>\n<!-- \/ Yoast SEO plugin. -->","yoast_head_json":{"title":"Giovanna Vitelli premio EY Imprenditore dell'Anno 2024 - Azimut|Benetti Group","description":"Azimut|Benetti celebra Giovanna Vitelli, vincitrice del Premio EY Imprenditore dell\u2019Anno 2024, per il suo contributo innovativo e la leadership nel settore della nautica di lusso sostenibile. Scopri di pi\u00f9 sui suoi successi e visione aziendale.","robots":{"index":"index","follow":"follow","max-snippet":"max-snippet:-1","max-image-preview":"max-image-preview:large","max-video-preview":"max-video-preview:-1"},"canonical":"https:\/\/www.azimutbenetti.com\/it\/giovanna-vitelli-vince-il-premio-ey-imprenditore-dellanno-2024\/","og_locale":"it_IT","og_type":"article","og_title":"Giovanna Vitelli premio EY Imprenditore dell'Anno 2024 - Azimut|Benetti Group","og_description":"Azimut|Benetti celebra Giovanna Vitelli, vincitrice del Premio EY Imprenditore dell\u2019Anno 2024, per il suo contributo innovativo e la leadership nel settore della nautica di lusso sostenibile. Scopri di pi\u00f9 sui suoi successi e visione aziendale.","og_url":"https:\/\/www.azimutbenetti.com\/it\/giovanna-vitelli-vince-il-premio-ey-imprenditore-dellanno-2024\/","og_site_name":"Azimut|Benetti Group","article_published_time":"2024-11-08T14:12:42+00:00","article_modified_time":"2024-11-08T14:15:09+00:00","og_image":[{"width":2048,"height":1366,"url":"https:\/\/www.azimutbenetti.com\/app\/uploads\/2024\/11\/Giovanna-Vitelli_EY-Entrepreneur-of-the-Year.jpg","type":"image\/jpeg"}],"author":"Marco Nepote Fus","twitter_card":"summary_large_image","twitter_misc":{"Scritto da":"Marco Nepote Fus","Tempo di lettura stimato":"4 minuti"},"schema":{"@context":"https:\/\/schema.org","@graph":[{"@type":"Article","@id":"https:\/\/www.azimutbenetti.com\/it\/giovanna-vitelli-vince-il-premio-ey-imprenditore-dellanno-2024\/#article","isPartOf":{"@id":"https:\/\/www.azimutbenetti.com\/it\/giovanna-vitelli-vince-il-premio-ey-imprenditore-dellanno-2024\/"},"author":{"name":"Marco Nepote Fus","@id":"https:\/\/www.azimutbenetti.com\/#\/schema\/person\/a230cb3b9fe0a842c8347aca987544e4"},"headline":"GIOVANNA VITELLI VINCE IL PREMIO EY IMPRENDITORE DELL\u2019ANNO\u00ae 2024","datePublished":"2024-11-08T14:12:42+00:00","dateModified":"2024-11-08T14:15:09+00:00","mainEntityOfPage":{"@id":"https:\/\/www.azimutbenetti.com\/it\/giovanna-vitelli-vince-il-premio-ey-imprenditore-dellanno-2024\/"},"wordCount":686,"commentCount":0,"publisher":{"@id":"https:\/\/www.azimutbenetti.com\/#organization"},"image":{"@id":"https:\/\/www.azimutbenetti.com\/it\/giovanna-vitelli-vince-il-premio-ey-imprenditore-dellanno-2024\/#primaryimage"},"thumbnailUrl":"https:\/\/www.azimutbenetti.com\/app\/uploads\/2024\/11\/Giovanna-Vitelli_EY-Entrepreneur-of-the-Year.jpg","articleSection":["Newsroom"],"inLanguage":"it-IT","potentialAction":[{"@type":"CommentAction","name":"Comment","target":["https:\/\/www.azimutbenetti.com\/it\/giovanna-vitelli-vince-il-premio-ey-imprenditore-dellanno-2024\/#respond"]}]},{"@type":"WebPage","@id":"https:\/\/www.azimutbenetti.com\/it\/giovanna-vitelli-vince-il-premio-ey-imprenditore-dellanno-2024\/","url":"https:\/\/www.azimutbenetti.com\/it\/giovanna-vitelli-vince-il-premio-ey-imprenditore-dellanno-2024\/","name":"Giovanna Vitelli premio EY Imprenditore dell'Anno 2024 - Azimut|Benetti Group","isPartOf":{"@id":"https:\/\/www.azimutbenetti.com\/#website"},"primaryImageOfPage":{"@id":"https:\/\/www.azimutbenetti.com\/it\/giovanna-vitelli-vince-il-premio-ey-imprenditore-dellanno-2024\/#primaryimage"},"image":{"@id":"https:\/\/www.azimutbenetti.com\/it\/giovanna-vitelli-vince-il-premio-ey-imprenditore-dellanno-2024\/#primaryimage"},"thumbnailUrl":"https:\/\/www.azimutbenetti.com\/app\/uploads\/2024\/11\/Giovanna-Vitelli_EY-Entrepreneur-of-the-Year.jpg","datePublished":"2024-11-08T14:12:42+00:00","dateModified":"2024-11-08T14:15:09+00:00","description":"Azimut|Benetti celebra Giovanna Vitelli, vincitrice del Premio EY Imprenditore dell\u2019Anno 2024, per il suo contributo innovativo e la leadership nel settore della nautica di lusso sostenibile. Scopri di pi\u00f9 sui suoi successi e visione aziendale.","breadcrumb":{"@id":"https:\/\/www.azimutbenetti.com\/it\/giovanna-vitelli-vince-il-premio-ey-imprenditore-dellanno-2024\/#breadcrumb"},"inLanguage":"it-IT","potentialAction":[{"@type":"ReadAction","target":["https:\/\/www.azimutbenetti.com\/it\/giovanna-vitelli-vince-il-premio-ey-imprenditore-dellanno-2024\/"]}]},{"@type":"ImageObject","inLanguage":"it-IT","@id":"https:\/\/www.azimutbenetti.com\/it\/giovanna-vitelli-vince-il-premio-ey-imprenditore-dellanno-2024\/#primaryimage","url":"https:\/\/www.azimutbenetti.com\/app\/uploads\/2024\/11\/Giovanna-Vitelli_EY-Entrepreneur-of-the-Year.jpg","contentUrl":"https:\/\/www.azimutbenetti.com\/app\/uploads\/2024\/11\/Giovanna-Vitelli_EY-Entrepreneur-of-the-Year.jpg","width":2048,"height":1366},{"@type":"BreadcrumbList","@id":"https:\/\/www.azimutbenetti.com\/it\/giovanna-vitelli-vince-il-premio-ey-imprenditore-dellanno-2024\/#breadcrumb","itemListElement":[{"@type":"ListItem","position":1,"name":"Home","item":"https:\/\/www.azimutbenetti.com\/it\/"},{"@type":"ListItem","position":2,"name":"Newsroom","item":"https:\/\/www.azimutbenetti.com\/it\/category\/news\/"},{"@type":"ListItem","position":3,"name":"GIOVANNA VITELLI VINCE IL PREMIO&hellip;"}]},{"@type":"WebSite","@id":"https:\/\/www.azimutbenetti.com\/#website","url":"https:\/\/www.azimutbenetti.com\/","name":"Azimut|Benetti Group","description":"In Mare. La bellezza. Il futuro. Un Gruppo.","publisher":{"@id":"https:\/\/www.azimutbenetti.com\/#organization"},"potentialAction":[{"@type":"SearchAction","target":{"@type":"EntryPoint","urlTemplate":"https:\/\/www.azimutbenetti.com\/?s={search_term_string}"},"query-input":{"@type":"PropertyValueSpecification","valueRequired":true,"valueName":"search_term_string"}}],"inLanguage":"it-IT"},{"@type":"Organization","@id":"https:\/\/www.azimutbenetti.com\/#organization","name":"Azimut | Benetti","url":"https:\/\/www.azimutbenetti.com\/","logo":{"@type":"ImageObject","inLanguage":"it-IT","@id":"https:\/\/www.azimutbenetti.com\/#\/schema\/logo\/image\/","url":"https:\/\/www.azimutbenetti.com\/app\/uploads\/2023\/04\/cropped-FAVICON_01.png","contentUrl":"https:\/\/www.azimutbenetti.com\/app\/uploads\/2023\/04\/cropped-FAVICON_01.png","width":512,"height":512,"caption":"Azimut | Benetti"},"image":{"@id":"https:\/\/www.azimutbenetti.com\/#\/schema\/logo\/image\/"}},{"@type":"Person","@id":"https:\/\/www.azimutbenetti.com\/#\/schema\/person\/a230cb3b9fe0a842c8347aca987544e4","name":"Marco Nepote Fus","image":{"@type":"ImageObject","inLanguage":"it-IT","@id":"https:\/\/www.azimutbenetti.com\/#\/schema\/person\/image\/","url":"https:\/\/secure.gravatar.com\/avatar\/10d44fdfac98b587bc3cb042c7afe823b2d124957e5fd8ec79ce01ea3320d02a?s=96&d=mm&r=g","contentUrl":"https:\/\/secure.gravatar.com\/avatar\/10d44fdfac98b587bc3cb042c7afe823b2d124957e5fd8ec79ce01ea3320d02a?s=96&d=mm&r=g","caption":"Marco Nepote Fus"}}]}},"_links":{"self":[{"href":"https:\/\/www.azimutbenetti.com\/it\/wp-json\/wp\/v2\/posts\/5506","targetHints":{"allow":["GET"]}}],"collection":[{"href":"https:\/\/www.azimutbenetti.com\/it\/wp-json\/wp\/v2\/posts"}],"about":[{"href":"https:\/\/www.azimutbenetti.com\/it\/wp-json\/wp\/v2\/types\/post"}],"author":[{"embeddable":true,"href":"https:\/\/www.azimutbenetti.com\/it\/wp-json\/wp\/v2\/users\/3"}],"replies":[{"embeddable":true,"href":"https:\/\/www.azimutbenetti.com\/it\/wp-json\/wp\/v2\/comments?post=5506"}],"version-history":[{"count":1,"href":"https:\/\/www.azimutbenetti.com\/it\/wp-json\/wp\/v2\/posts\/5506\/revisions"}],"predecessor-version":[{"id":5507,"href":"https:\/\/www.azimutbenetti.com\/it\/wp-json\/wp\/v2\/posts\/5506\/revisions\/5507"}],"wp:featuredmedia":[{"embeddable":true,"href":"https:\/\/www.azimutbenetti.com\/it\/wp-json\/wp\/v2\/media\/5508"}],"wp:attachment":[{"href":"https:\/\/www.azimutbenetti.com\/it\/wp-json\/wp\/v2\/media?parent=5506"}],"wp:term":[{"taxonomy":"category","embeddable":true,"href":"https:\/\/www.azimutbenetti.com\/it\/wp-json\/wp\/v2\/categories?post=5506"},{"taxonomy":"post_tag","embeddable":true,"href":"https:\/\/www.azimutbenetti.com\/it\/wp-json\/wp\/v2\/tags?post=5506"}],"curies":[{"name":"wp","href":"https:\/\/api.w.org\/{rel}","templated":true}]}}