{"id":4642,"date":"2023-12-13T14:56:35","date_gmt":"2023-12-13T13:56:35","guid":{"rendered":"https:\/\/www.azimutbenetti.com\/?p=4642"},"modified":"2024-01-25T08:07:48","modified_gmt":"2024-01-25T07:07:48","slug":"azimutbenetti-n1-della-nautica-mondiale","status":"publish","type":"post","link":"https:\/\/www.azimutbenetti.com\/it\/azimutbenetti-n1-della-nautica-mondiale\/","title":{"rendered":"Azimut|Benetti n\u00b01 della nautica mondiale"},"content":{"rendered":"\n<div class=\"wp-block-group thor-maxwidth-lg is-layout-constrained wp-block-group-is-layout-constrained\">\n<div style=\"height:120px\" aria-hidden=\"true\" class=\"wp-block-spacer\"><\/div>\n\n\n\n<p class=\"is-style-sans has-xl-font-size\"><strong>L\u2019AZIENDA GUIDATA DALLA FAMIGLIA VITELLI SI CONFERMA PRIMO PRODUTTORE DI YACHT AL MONDO, CON UNA QUOTA DEL 14% DEL MERCATO MONDIALE, UN VALORE DELLA PRODUZIONE IN CRESCITA DEL 23% E UN EBITDA AL +50%.<\/strong><\/p>\n\n\n\n<div style=\"height:35px\" aria-hidden=\"true\" class=\"wp-block-spacer\"><\/div>\n\n\n\n<figure class=\"wp-block-embed is-type-video is-provider-vimeo wp-block-embed-vimeo wp-embed-aspect-16-9 wp-has-aspect-ratio\"><div class=\"wp-block-embed__wrapper\">\n<div class='video-responsive'><iframe loading=\"lazy\" title=\"Azimut_Benetti Group GOB 2024 Sub Eng\" src=\"https:\/\/player.vimeo.com\/video\/892178991?dnt=1&amp;app_id=122963\" width=\"500\" height=\"281\" frameborder=\"0\" allow=\"autoplay; fullscreen; picture-in-picture; clipboard-write\"><\/iframe><\/div>\n<\/div><\/figure>\n\n\n\n<div style=\"height:35px\" aria-hidden=\"true\" class=\"wp-block-spacer\"><\/div>\n\n\n\n<p class=\"is-style-sans has-small-font-size\">Il Gruppo Azimut|Benetti si conferma&nbsp;<strong>primo produttore al mondo di yacht sopra i 24 metri<\/strong>, rimanendo stabilmente al vertice della classifica di riferimento per il settore, il Global Order Book curato dalla rivista&nbsp;<strong>Boat International<\/strong>, che annualmente raccoglie e analizza i dati di 177 cantieri attivi in cinque continenti. L\u2019edizione 2024 premia il Gruppo sia per numero di unit\u00e0 in costruzione che per lunghezza complessiva dei progetti:&nbsp;<strong>167 barche<\/strong>, equivalenti a un totale di&nbsp;<strong>6014 metri<\/strong>&nbsp;corrispondente al&nbsp;<strong>14% del mercato mondiale<\/strong>&nbsp;preso in esame da Boat International.<\/p>\n\n\n\n<div style=\"height:35px\" aria-hidden=\"true\" class=\"wp-block-spacer\"><\/div>\n\n\n\n<p class=\"is-style-sans has-small-font-size\">Numeri che trovano conferma anche nei&nbsp;<strong>risultati record<\/strong>&nbsp;registrati dal Gruppo nell\u2019esercizio chiuso il 31 agosto 2023 con una&nbsp;<strong>crescita del valore della produzione superiore al 23%<\/strong>&nbsp;rispetto all\u2019anno precedente e il&nbsp;<strong>margine operativo lordo (Ebitda) in aumento del 50%<\/strong>. La solidit\u00e0 del percorso intrapreso \u00e8 ulteriormente confermata dal costante incremento del valore della produzione, quasi raddoppiato negli ultimi cinque anni \u2013&nbsp;<strong>da 700.000 milioni a 1.3 miliardi di euro<\/strong>, e dal&nbsp;<strong>portafoglio ordini esteso fino al 2027<\/strong>&nbsp;grazie al successo di modelli premiati dal mercato per le soluzioni stilistiche e tecnologiche e l\u2019attenzione ai consumi e all\u2019impatto ambientale.<\/p>\n\n\n\n<div style=\"height:35px\" aria-hidden=\"true\" class=\"wp-block-spacer\"><\/div>\n\n\n\n<p class=\"is-style-sans has-small-font-size\">Ai risultati economici \u2013 supportati da un\u2019eccellente solidit\u00e0 finanziaria e patrimoniale con cui l\u2019azienda garantisce un investimento di 150 milioni di euro nel prossimo triennio \u2013 si affianca anche il primato di un Gruppo che da decenni dedica il proprio ufficio R&amp;D alla ricerca delle migliori soluzioni per ridurre l\u2019impatto ambientale. Un impegno che permette \u2013 gi\u00e0 oggi \u2013 di annunciare&nbsp;<strong>i migliori risultati della nautica nell\u2019abbattimento delle emissioni di CO2<\/strong>, nonch\u00e9 il primo accordo nel settore per l\u2019uso di&nbsp;<strong>biocarburante HVO<\/strong>. Forte di questi risultati, il Gruppo \u00e8 anche promotore dell\u2019elaborazione di un&nbsp;<strong>indice pubblico per misurare l\u2019efficienza degli yacht<\/strong>&nbsp;in collaborazione con Lloyd\u2019s Register e Superyacht Eco Association.<\/p>\n\n\n\n<div style=\"height:35px\" aria-hidden=\"true\" class=\"wp-block-spacer\"><\/div>\n\n\n\n<p class=\"is-style-sans has-small-font-size\">La straordinaria longevit\u00e0 del primato risiede nello&nbsp;<em>status<\/em>&nbsp;di&nbsp;<strong>azienda privata familiare<\/strong>&nbsp;del Gruppo Azimut|Benetti, guidato dalla famiglia Vitelli insieme a due soci di minoranza di qualit\u00e0&nbsp;\u2013 PIF e TIP \u2013&nbsp;che detengono una funzione di stimolo e controllo: fin dalla fondazione, infatti, la propriet\u00e0 garantisce un&nbsp;<strong>modello di business coerente, resiliente e sostenibile<\/strong>, che mette al centro l\u2019esperienza del cliente, l\u2019innovazione costante del prodotto e la cura delle persone, in una strategia di lungo termine. Con il recente cambio generazionale \u2013 che oggi vede al vertice la&nbsp;<strong>Presidente Giovanna Vitelli<\/strong>&nbsp;\u2013 il Gruppo ha intrapreso un&nbsp;<strong>percorso di evoluzione<\/strong>&nbsp;che mira a sviluppare ulteriormente cultura manageriale e governance, nel rispetto nel DNA imprenditoriale che ha segnato il successo dell\u2019Azienda: rapidit\u00e0 decisionale, approccio calibrato alla crescita e agli investimenti, attenzione al benessere delle persone.<\/p>\n\n\n\n<div style=\"height:35px\" aria-hidden=\"true\" class=\"wp-block-spacer\"><\/div>\n\n\n\n<p class=\"is-style-sans has-small-font-size\">Questi tratti si traducono in un piano strategico che si conferma fondato su tre pilastri:&nbsp;<strong>l\u2019evoluzione del prodotto in chiave di design e sostenibilit\u00e0, lo sviluppo dei servizi attraverso i brand Lusben e Yachtique e la cura del talento.<\/strong><\/p>\n\n\n\n<div style=\"height:50px\" aria-hidden=\"true\" class=\"wp-block-spacer\"><\/div>\n\n\n\n<table style=\"border-collapse: collapse; width: 100%;\" border=\"0\">\n<tbody>\n<tr>\n<td style=\"width: 3%;\"><\/td>\n<td style=\"width: 94%;\"><img loading=\"lazy\" decoding=\"async\" class=\"aligncenter wp-image-12512 size-full\" src=\"https:\/\/azimutyachts.com\/wp-content\/uploads\/2023\/12\/GOB_TABLE.png\" alt=\"\" width=\"1280\" height=\"718\" \/><\/td>\n<td style=\"width: 3%;\"><\/td>\n<\/tr>\n<tr>\n<td style=\"width: 3%;\"><\/td>\n<td style=\"width: 94%;\">\n<p class=\"western\" lang=\"en-US\" align=\"justify\"><span style=\"color: #000000;\"><span style=\"font-family: Arial, serif;\"><span style=\"font-size: xx-small;\">(Courtesy of Boat International Media Limited)<\/span><\/span><\/span><\/p>\n<\/td>\n<td style=\"width: 3%;\"><\/td>\n<\/tr>\n<\/tbody>\n<\/table>\n\n\n\n<div style=\"height:35px\" aria-hidden=\"true\" class=\"wp-block-spacer\"><\/div>\n\n\n\n<p class=\"is-style-sans has-small-font-size\"><strong>Il prodotto \u2013 Bellezza, innovazione e sostenibilit\u00e0<\/strong><\/p>\n\n\n\n<div style=\"height:35px\" aria-hidden=\"true\" class=\"wp-block-spacer\"><\/div>\n\n\n\n<p class=\"is-style-sans has-small-font-size\">Il primo posto nella classifica del Global Order Book \u00e8 innanzitutto il risultato dei modelli vincenti di Azimut e Benetti, concept all\u2019avanguardia che hanno&nbsp;<strong>anticipato i desideri degli armatori<\/strong>&nbsp;e i&nbsp;<strong>trend di settore.&nbsp;<\/strong>La&nbsp;<strong>creazione di nuovi stili di vita a bordo&nbsp;<\/strong>e&nbsp;<strong>la riduzione di emissioni di CO2 e consumi energetici<\/strong>&nbsp;sono i principi guida della filosofia di prodotto del Gruppo, entrambi declinati negli yacht Azimut e Benetti in modo coerente con i valori dei due brand.<\/p>\n\n\n\n<div style=\"height:35px\" aria-hidden=\"true\" class=\"wp-block-spacer\"><\/div>\n\n\n\n<p class=\"is-style-sans has-small-font-size\"><strong>Azimut<\/strong>&nbsp;esplora i nuovi terreni dell\u2019architettura, connotandosi come il&nbsp;<strong>design hub<\/strong>&nbsp;che pi\u00f9 arricchisce il mondo dello yachting della creativit\u00e0 di una molteplicit\u00e0 di&nbsp;<strong>firme provenienti da altri settori<\/strong>. La pi\u00f9 recente collaborazione con&nbsp;<strong>Matteo Thun<\/strong>, ad esempio, porta per la prima volta a bordo il concetto di&nbsp;<strong><em>conscious<\/em><\/strong>&nbsp;<strong>design&nbsp;<\/strong>rispettoso della relazione che si instaura tra persone, ambiente e prodotto.<\/p>\n\n\n\n<div style=\"height:35px\" aria-hidden=\"true\" class=\"wp-block-spacer\"><\/div>\n\n\n\n<p class=\"is-style-sans has-small-font-size\">Il brand, inoltre, \u00e8 pioniere nello sviluppo di soluzioni volte a ridurre le emissioni integrando&nbsp;<strong>carene ad alta efficienza<\/strong>, uso estensivo del&nbsp;<strong>carbonio<\/strong>&nbsp;e&nbsp;<strong>propulsioni innovative<\/strong>. Oggi, oltre la met\u00e0 della flotta di Azimut \u00e8 costituita da&nbsp;<strong>Low Emission Yachts<\/strong>&nbsp;che garantiscono una riduzione delle emissioni fino al 30% e nella primavera 2024 il Cantiere presenter\u00e0 la prima Serie ibrida e la pi\u00f9 efficiente mai realizzata:&nbsp;<strong><a href=\"https:\/\/azimutyachts.com\/it\/serie-seadeck\/\">Seadeck<\/a><\/strong>.<\/p>\n\n\n\n<div style=\"height:35px\" aria-hidden=\"true\" class=\"wp-block-spacer\"><\/div>\n\n\n\n<p class=\"is-style-sans has-small-font-size\"><strong>Benetti<\/strong>&nbsp;<strong>reinventa il concept di modelli iconici<\/strong>&nbsp;collaborando con architetti di rilievo internazionale \u2013 come Bonetti\/Kozerski Architecture, di cui vale la pena citare la nuova Pace Gallery di New York \u2013 per reinterpretare il linguaggio classico alla luce di sofisticate contaminazioni con il mondo dell\u2019<strong>architettura<\/strong>, del<strong>&nbsp;fashion design<\/strong>&nbsp;e dell\u2019<strong>arte<\/strong>. \u00c8 stata introdotta da Benetti la pi\u00f9 influente innovazione stilistica contemporanea:&nbsp;<strong>l\u2019Oasis Deck\u00ae<\/strong>, una vera rivoluzione della beach area che per la prima volta trasforma la terrazza di poppa in un\u2019oasi sul mare per un\u2019esperienza a stretto contatto con la natura.<\/p>\n\n\n\n<div style=\"height:35px\" aria-hidden=\"true\" class=\"wp-block-spacer\"><\/div>\n\n\n\n<figure class=\"wp-block-image size-full\"><img loading=\"lazy\" decoding=\"async\" width=\"1280\" height=\"853\" src=\"https:\/\/www.azimutbenetti.com\/app\/uploads\/2023\/12\/oasis.jpeg\" alt=\"\" class=\"wp-image-4681\" srcset=\"https:\/\/www.azimutbenetti.com\/app\/uploads\/2023\/12\/oasis.jpeg 1280w, https:\/\/www.azimutbenetti.com\/app\/uploads\/2023\/12\/oasis-600x400.jpeg 600w, https:\/\/www.azimutbenetti.com\/app\/uploads\/2023\/12\/oasis-1024x682.jpeg 1024w, https:\/\/www.azimutbenetti.com\/app\/uploads\/2023\/12\/oasis-70x47.jpeg 70w\" sizes=\"auto, (max-width: 1280px) 100vw, 1280px\" \/><\/figure>\n\n\n\n<div style=\"height:35px\" aria-hidden=\"true\" class=\"wp-block-spacer\"><\/div>\n\n\n\n<p class=\"is-style-sans has-small-font-size\">Oggi, Benetti propone la quasi totalit\u00e0 della gamma anche in&nbsp;<strong>versione ibrida<\/strong>&nbsp;e il B.Yond \u00e8 stato premiato come modello pi\u00f9 green della categoria per la riduzione delle emissioni di CO2 fino al 24% e di NOx fino all\u201985%. Il prossimo obiettivo \u00e8&nbsp;<strong>l\u2019ulteriore ottimizzazione dei consumi e delle emissioni generati dagli impianti di bordo<\/strong>, un tema di estrema rilevanza per le barche di dimensioni maggiori \u2013 che trascorrono all\u2019ancora circa il 90% del tempo di utilizzo \u2013 e in cui Benetti ha gi\u00e0 conseguito risultati concreti tramite l\u2019implementazione del sistema \u201c<strong>Zero Emission Hotel Mode<\/strong>\u201d alimentato da fuel cell e di avanzati sistemi di&nbsp;<strong>power management<\/strong>, incluse soluzioni che permettono di&nbsp;<strong>ridurre i consumi dell\u2019aria condizionata fino al 50%<\/strong>.&nbsp;<\/p>\n\n\n\n<div style=\"height:35px\" aria-hidden=\"true\" class=\"wp-block-spacer\"><\/div>\n\n\n\n<p class=\"is-style-sans has-small-font-size\">I risultati conseguiti da Azimut e Benetti svelano la volont\u00e0 di implementare&nbsp;<strong>soluzioni green<\/strong>&nbsp;<strong>applicabili su ampia scala<\/strong>, e non solo su modelli prototipali one-off, per fare la differenza anche sui grandi numeri. L\u2019approccio coniuga la ricerca orientata al domani con l\u2019implementazione delle&nbsp;<strong>migliori soluzioni disponibili ed efficaci oggi<\/strong>, con l\u2019obiettivo di generare il maggior beneficio nel breve, medio e lungo termine.<\/p>\n\n\n\n<div style=\"height:35px\" aria-hidden=\"true\" class=\"wp-block-spacer\"><\/div>\n\n\n\n<p class=\"is-style-sans has-small-font-size\">Le attivit\u00e0 del Gruppo sono guidate dalla determinazione a condurre il settore verso un approccio pi\u00f9 consapevole e scientifico al tema della sostenibilit\u00e0 ambientale, promuovendo anche una&nbsp;<strong>maggiore trasparenza nella comunicazione<\/strong>. Con questo obiettivo, nell\u2019estate 2023 Azimut ha condotto insieme a&nbsp;<strong>Lloyd\u2019s Register<\/strong>, uno dei principali enti di classificazione del settore marittimo, un piano di certificazione di consumi ed emissioni che ha portato alla definizione di un&nbsp;<strong><em>Carbon Emission Index<\/em><\/strong>&nbsp;oggettivo e comparabile, che la&nbsp;<strong>Superyacht Eco Association<\/strong>&nbsp;ha impiegato per estendere il&nbsp;<strong>SEA Index<\/strong>&nbsp;agli yacht sotto i 24m, la categoria pi\u00f9 diffusa nei nostri mari e quella che coinvolge il maggior numero di armatori, con l\u2019ambizione di avviare un movimento senza precedenti.<\/p>\n\n\n\n<div style=\"height:35px\" aria-hidden=\"true\" class=\"wp-block-spacer\"><\/div>\n\n\n\n<p class=\"is-style-sans has-small-font-size\">Nel 2023, il Gruppo ha siglato il primo accordo del settore con Eni Live per la sostituzione di tutto il carburante di origine fossile utilizzato dal Gruppo per prove mare, test e trasferimento prototipi con&nbsp;<strong>biodiesel HVO<\/strong>, biocarburante da materie prime rinnovabili* che permette di&nbsp;<strong>abbattere le emissioni di CO2 fino al 90%<\/strong>&nbsp;rispetto al mix fossile di riferimento, a seconda dei materiali utilizzati per la sua produzione**. Secondo l\u2019accordo siglato con Eni Live, il Gruppo acquister\u00e0 a partire da quest\u2019anno circa&nbsp;<strong>700.000 litri di HVO<\/strong>, conseguendo cos\u00ec il risultato di non immettere nell\u2019ambiente fino a 1.800 tonnellate di CO2, l\u2019equivalente di circa 1.800 voli aerei da Francoforte a New York.<\/p>\n\n\n\n<div style=\"height:35px\" aria-hidden=\"true\" class=\"wp-block-spacer\"><\/div>\n\n\n\n<p class=\"is-style-sans has-small-font-size\">Infine, tutte le sedi del Gruppo operano con l\u2019obiettivo di ridurre l\u2019impatto ambientale a 360\u00b0: i siti produttivi impiegheranno&nbsp;<strong>fonti rinnovabili<\/strong>&nbsp;per coprire circa il 50% del fabbisogno energetico entro il 2026 e, nell\u2019ottica dello sviluppo di un\u2019<strong>economia<\/strong>&nbsp;<strong>sempre pi\u00f9 circolare<\/strong>, sono stati attivati progetti di&nbsp;<strong>recupero dei residui di vetroresina<\/strong>,&nbsp;<strong>legno<\/strong>&nbsp;e altri materiali.<\/p>\n\n\n\n<div style=\"height:35px\" aria-hidden=\"true\" class=\"wp-block-spacer\"><\/div>\n\n\n\n<p class=\"is-style-sans has-small-font-size\"><strong><strong>I servizi \u2013 Lusben e Yachtique<\/strong><\/strong><\/p>\n\n\n\n<div style=\"height:35px\" aria-hidden=\"true\" class=\"wp-block-spacer\"><\/div>\n\n\n\n<p class=\"is-style-sans has-small-font-size\">Il piano strategico del Gruppo Azimut|Benetti prevede l\u2019ulteriore&nbsp;<strong>sviluppo dell\u2019hub di servizi<\/strong>, con l\u2019obiettivo di affiancare gli armatori nei diversi momenti della loro esperienza di yachting.<\/p>\n\n\n\n<p class=\"is-style-sans has-small-font-size\">Il Gruppo conferma il crescente&nbsp;<strong>ruolo strategico di Lusben e dell\u2019attivit\u00e0 di refit<\/strong>&nbsp;stanziando un investimento di&nbsp;<strong>15 milioni di euro<\/strong>&nbsp;per l\u2019ampliamento del cantiere Lusben di Livorno \u2013 una delle tre sedi del brand oltre a Varazze e Viareggio \u2013 al fine di poter ospitare yacht oltre i 100 metri di lunghezza e diventare cos\u00ec uno dei tre&nbsp;<strong>principali player del Mediterraneo<\/strong>&nbsp;nel segmento dei superyacht.<\/p>\n\n\n\n<div style=\"height:35px\" aria-hidden=\"true\" class=\"wp-block-spacer\"><\/div>\n\n\n\n<p class=\"is-style-sans has-small-font-size\">Secondo la stessa logica strategica, anche l\u2019attivit\u00e0&nbsp;<strong>Yachtique<\/strong>&nbsp;\u2013 lo styling lounge interno al Gruppo, creato oltre vent\u2019anni fa per consigliare e accompagnare gli armatori nelle scelte di arredo, fino all\u2019acquisito di pezzi d\u2019arte e antiquariato \u2013&nbsp;<strong>espander\u00e0 le proprie sedi in Toscana<\/strong>&nbsp;nel prossimo triennio.<\/p>\n\n\n\n<div style=\"height:35px\" aria-hidden=\"true\" class=\"wp-block-spacer\"><\/div>\n\n\n\n<p class=\"is-style-sans has-small-font-size\">Infine, la divisione servizi del Gruppo si \u00e8 recentemente arricchita della&nbsp;<strong>prima proposta di \u201cairbnb\u201d della nautica<\/strong>, che consente ai clienti Azimut di&nbsp;<strong>proporre in charter il proprio yacht<\/strong>&nbsp;ovunque nel mondo grazie a una piattaforma digitale sviluppata da Azimut, contando sull\u2019attivit\u00e0 territoriale dei Dealer per la gestione delle imbarcazioni e le attivit\u00e0 di check-in e check-out.<\/p>\n\n\n\n<div style=\"height:35px\" aria-hidden=\"true\" class=\"wp-block-spacer\"><\/div>\n\n\n\n<p class=\"is-style-sans has-small-font-size\"><strong>Una scuola di talenti<\/strong><\/p>\n\n\n\n<div style=\"height:35px\" aria-hidden=\"true\" class=\"wp-block-spacer\"><\/div>\n\n\n\n<p class=\"is-style-sans has-small-font-size\">Il ruolo di leadership che il Gruppo Azimut|Benetti ricopre nel settore \u00e8 strettamente connesso all\u2019impegno dedicato a supportare i&nbsp;<strong>2.400 dipendenti diretti<\/strong>&nbsp;\u2013&nbsp;<strong>+24% negli ultimi 3 anni<\/strong>&nbsp;\u2013 nel loro percorso di crescita professionale e nel formare le figure pi\u00f9 richieste dal settore nautico, favorendo l\u2019occupazione nell\u2019ambito di un\u2019industria simbolo dell\u2019eccellenza produttiva e manifatturiera italiana.<\/p>\n\n\n\n<div style=\"height:35px\" aria-hidden=\"true\" class=\"wp-block-spacer\"><\/div>\n\n\n\n<p class=\"is-style-sans has-small-font-size\">Il Cantiere ha cos\u00ec fondato la&nbsp;<strong>Azimut|Benetti Group Corporate Academy<\/strong>, la prima nella nautica ad affrontare il tema della formazione con un approccio trasversale e integrato, comprendendo nel suo modello&nbsp;<strong>Academy Cantieri<\/strong>&nbsp;\u2013 144.000 ore di formazione in un anno;&nbsp;<strong>Academy Manageriale<\/strong>; e progetti di&nbsp;<strong>Edu &amp; Career Guidance<\/strong>&nbsp;in collaborazione con universit\u00e0, scuole superiori e istituti tecnici. Il modulo interno di&nbsp;<strong>nauticit\u00e0<\/strong>, che coinvolge i dipendenti in un\u2019esperienza di navigazione sugli yacht del Gruppo, porta in vita la mission del Gruppo facendo vivere, conoscere e amare il prodotto:&nbsp;<em>costruire la barca pi\u00f9 bella, affidabile, tecnologica e innovativa e assisterla sempre e ovunque.<\/em><\/p>\n\n\n\n<div style=\"height:35px\" aria-hidden=\"true\" class=\"wp-block-spacer\"><\/div>\n\n\n\n<p class=\"is-style-sans has-extra-small-font-size\"><em>* Ai sensi della Direttiva UE 2018\/2001 \u201cREDII\u201d.<\/em><\/p>\n\n\n\n<div style=\"height:20px\" aria-hidden=\"true\" class=\"wp-block-spacer\"><\/div>\n\n\n\n<p class=\"is-style-sans has-extra-small-font-size\"><em>** Secondo il criterio convenzionale della Direttiva (UE) 2018\/2001 \u201cREDII\u201d, la riduzione delle emissioni di CO2eq dell\u2019HVOlution lungo la filiera logistico-produttiva nel 2022, \u00e8 stata tra il 60% e il 90%, rispetto al mix fossile di riferimento (i.e. 94g CO2eq\/MJ), a seconda delle materie prime utilizzate per la sua produzione.<\/em><\/p>\n<\/div>\n\n\n\n<div style=\"height:25px\" aria-hidden=\"true\" class=\"wp-block-spacer\"><\/div>\n","protected":false},"excerpt":{"rendered":"<p>L\u2019AZIENDA GUIDATA DALLA FAMIGLIA VITELLI SI CONFERMA PRIMO PRODUTTORE DI YACHT AL MONDO, CON UNA QUOTA DEL 14% DEL MERCATO&#8230;<\/p>\n","protected":false},"author":3,"featured_media":4738,"comment_status":"closed","ping_status":"closed","sticky":false,"template":"","format":"standard","meta":{"_acf_changed":false,"inline_featured_image":false,"footnotes":""},"categories":[4],"tags":[],"class_list":["post-4642","post","type-post","status-publish","format-standard","has-post-thumbnail","hentry","category-news"],"acf":[],"yoast_head":"<!-- This site is optimized with the Yoast SEO plugin v26.9 - https:\/\/yoast.com\/product\/yoast-seo-wordpress\/ -->\n<title>Azimut|Benetti n\u00b01 della nautica mondiale - Azimut|Benetti Group<\/title>\n<meta name=\"description\" content=\"Azimut|Benetti \u00e8 l&#039;azienda leader a livello mondiale nel settore della nautica da diporto, riconosciuta dal Global Year Book and Boat International. Scopri di pi\u00f9 sui loro yacht di lusso e la loro reputazione senza precedenti nel settore.\" \/>\n<meta name=\"robots\" content=\"index, follow, max-snippet:-1, max-image-preview:large, max-video-preview:-1\" \/>\n<link rel=\"canonical\" href=\"https:\/\/www.azimutbenetti.com\/it\/azimutbenetti-n1-della-nautica-mondiale\/\" \/>\n<meta property=\"og:locale\" content=\"it_IT\" \/>\n<meta property=\"og:type\" content=\"article\" \/>\n<meta property=\"og:title\" content=\"Azimut|Benetti n\u00b01 della nautica mondiale - Azimut|Benetti Group\" \/>\n<meta property=\"og:description\" content=\"Azimut|Benetti \u00e8 l&#039;azienda leader a livello mondiale nel settore della nautica da diporto, riconosciuta dal Global Year Book and Boat International. Scopri di pi\u00f9 sui loro yacht di lusso e la loro reputazione senza precedenti nel settore.\" \/>\n<meta property=\"og:url\" content=\"https:\/\/www.azimutbenetti.com\/it\/azimutbenetti-n1-della-nautica-mondiale\/\" \/>\n<meta property=\"og:site_name\" content=\"Azimut|Benetti Group\" \/>\n<meta property=\"article:published_time\" content=\"2023-12-13T13:56:35+00:00\" \/>\n<meta property=\"article:modified_time\" content=\"2024-01-25T07:07:48+00:00\" \/>\n<meta property=\"og:image\" content=\"https:\/\/www.azimutbenetti.com\/app\/uploads\/2023\/12\/ABGroup-Always-the-first2024-IT-1.jpg\" \/>\n\t<meta property=\"og:image:width\" content=\"2048\" \/>\n\t<meta property=\"og:image:height\" content=\"1364\" \/>\n\t<meta property=\"og:image:type\" content=\"image\/jpeg\" \/>\n<meta name=\"author\" content=\"Marco Nepote Fus\" \/>\n<meta name=\"twitter:card\" content=\"summary_large_image\" \/>\n<meta name=\"twitter:label1\" content=\"Scritto da\" \/>\n\t<meta name=\"twitter:data1\" content=\"Marco Nepote Fus\" \/>\n\t<meta name=\"twitter:label2\" content=\"Tempo di lettura stimato\" \/>\n\t<meta name=\"twitter:data2\" content=\"10 minuti\" \/>\n<script type=\"application\/ld+json\" class=\"yoast-schema-graph\">{\"@context\":\"https:\/\/schema.org\",\"@graph\":[{\"@type\":\"Article\",\"@id\":\"https:\/\/www.azimutbenetti.com\/it\/azimutbenetti-n1-della-nautica-mondiale\/#article\",\"isPartOf\":{\"@id\":\"https:\/\/www.azimutbenetti.com\/it\/azimutbenetti-n1-della-nautica-mondiale\/\"},\"author\":{\"name\":\"Marco Nepote Fus\",\"@id\":\"https:\/\/www.azimutbenetti.com\/#\/schema\/person\/a230cb3b9fe0a842c8347aca987544e4\"},\"headline\":\"Azimut|Benetti n\u00b01 della nautica mondiale\",\"datePublished\":\"2023-12-13T13:56:35+00:00\",\"dateModified\":\"2024-01-25T07:07:48+00:00\",\"mainEntityOfPage\":{\"@id\":\"https:\/\/www.azimutbenetti.com\/it\/azimutbenetti-n1-della-nautica-mondiale\/\"},\"wordCount\":1818,\"publisher\":{\"@id\":\"https:\/\/www.azimutbenetti.com\/#organization\"},\"image\":{\"@id\":\"https:\/\/www.azimutbenetti.com\/it\/azimutbenetti-n1-della-nautica-mondiale\/#primaryimage\"},\"thumbnailUrl\":\"https:\/\/www.azimutbenetti.com\/app\/uploads\/2023\/12\/ABGroup-Always-the-first2024-IT-1.jpg\",\"articleSection\":[\"Newsroom\"],\"inLanguage\":\"it-IT\"},{\"@type\":\"WebPage\",\"@id\":\"https:\/\/www.azimutbenetti.com\/it\/azimutbenetti-n1-della-nautica-mondiale\/\",\"url\":\"https:\/\/www.azimutbenetti.com\/it\/azimutbenetti-n1-della-nautica-mondiale\/\",\"name\":\"Azimut|Benetti n\u00b01 della nautica mondiale - Azimut|Benetti Group\",\"isPartOf\":{\"@id\":\"https:\/\/www.azimutbenetti.com\/#website\"},\"primaryImageOfPage\":{\"@id\":\"https:\/\/www.azimutbenetti.com\/it\/azimutbenetti-n1-della-nautica-mondiale\/#primaryimage\"},\"image\":{\"@id\":\"https:\/\/www.azimutbenetti.com\/it\/azimutbenetti-n1-della-nautica-mondiale\/#primaryimage\"},\"thumbnailUrl\":\"https:\/\/www.azimutbenetti.com\/app\/uploads\/2023\/12\/ABGroup-Always-the-first2024-IT-1.jpg\",\"datePublished\":\"2023-12-13T13:56:35+00:00\",\"dateModified\":\"2024-01-25T07:07:48+00:00\",\"description\":\"Azimut|Benetti \u00e8 l'azienda leader a livello mondiale nel settore della nautica da diporto, riconosciuta dal Global Year Book and Boat International. Scopri di pi\u00f9 sui loro yacht di lusso e la loro reputazione senza precedenti nel settore.\",\"breadcrumb\":{\"@id\":\"https:\/\/www.azimutbenetti.com\/it\/azimutbenetti-n1-della-nautica-mondiale\/#breadcrumb\"},\"inLanguage\":\"it-IT\",\"potentialAction\":[{\"@type\":\"ReadAction\",\"target\":[\"https:\/\/www.azimutbenetti.com\/it\/azimutbenetti-n1-della-nautica-mondiale\/\"]}]},{\"@type\":\"ImageObject\",\"inLanguage\":\"it-IT\",\"@id\":\"https:\/\/www.azimutbenetti.com\/it\/azimutbenetti-n1-della-nautica-mondiale\/#primaryimage\",\"url\":\"https:\/\/www.azimutbenetti.com\/app\/uploads\/2023\/12\/ABGroup-Always-the-first2024-IT-1.jpg\",\"contentUrl\":\"https:\/\/www.azimutbenetti.com\/app\/uploads\/2023\/12\/ABGroup-Always-the-first2024-IT-1.jpg\",\"width\":2048,\"height\":1364},{\"@type\":\"BreadcrumbList\",\"@id\":\"https:\/\/www.azimutbenetti.com\/it\/azimutbenetti-n1-della-nautica-mondiale\/#breadcrumb\",\"itemListElement\":[{\"@type\":\"ListItem\",\"position\":1,\"name\":\"Home\",\"item\":\"https:\/\/www.azimutbenetti.com\/it\/\"},{\"@type\":\"ListItem\",\"position\":2,\"name\":\"Newsroom\",\"item\":\"https:\/\/www.azimutbenetti.com\/it\/category\/news\/\"},{\"@type\":\"ListItem\",\"position\":3,\"name\":\"Azimut|Benetti n\u00b01 della nautica mondiale\"}]},{\"@type\":\"WebSite\",\"@id\":\"https:\/\/www.azimutbenetti.com\/#website\",\"url\":\"https:\/\/www.azimutbenetti.com\/\",\"name\":\"Azimut|Benetti Group\",\"description\":\"In Mare. La bellezza. Il futuro. Un Gruppo.\",\"publisher\":{\"@id\":\"https:\/\/www.azimutbenetti.com\/#organization\"},\"potentialAction\":[{\"@type\":\"SearchAction\",\"target\":{\"@type\":\"EntryPoint\",\"urlTemplate\":\"https:\/\/www.azimutbenetti.com\/?s={search_term_string}\"},\"query-input\":{\"@type\":\"PropertyValueSpecification\",\"valueRequired\":true,\"valueName\":\"search_term_string\"}}],\"inLanguage\":\"it-IT\"},{\"@type\":\"Organization\",\"@id\":\"https:\/\/www.azimutbenetti.com\/#organization\",\"name\":\"Azimut | Benetti\",\"url\":\"https:\/\/www.azimutbenetti.com\/\",\"logo\":{\"@type\":\"ImageObject\",\"inLanguage\":\"it-IT\",\"@id\":\"https:\/\/www.azimutbenetti.com\/#\/schema\/logo\/image\/\",\"url\":\"https:\/\/www.azimutbenetti.com\/app\/uploads\/2023\/04\/cropped-FAVICON_01.png\",\"contentUrl\":\"https:\/\/www.azimutbenetti.com\/app\/uploads\/2023\/04\/cropped-FAVICON_01.png\",\"width\":512,\"height\":512,\"caption\":\"Azimut | Benetti\"},\"image\":{\"@id\":\"https:\/\/www.azimutbenetti.com\/#\/schema\/logo\/image\/\"}},{\"@type\":\"Person\",\"@id\":\"https:\/\/www.azimutbenetti.com\/#\/schema\/person\/a230cb3b9fe0a842c8347aca987544e4\",\"name\":\"Marco Nepote Fus\",\"image\":{\"@type\":\"ImageObject\",\"inLanguage\":\"it-IT\",\"@id\":\"https:\/\/www.azimutbenetti.com\/#\/schema\/person\/image\/\",\"url\":\"https:\/\/secure.gravatar.com\/avatar\/10d44fdfac98b587bc3cb042c7afe823b2d124957e5fd8ec79ce01ea3320d02a?s=96&d=mm&r=g\",\"contentUrl\":\"https:\/\/secure.gravatar.com\/avatar\/10d44fdfac98b587bc3cb042c7afe823b2d124957e5fd8ec79ce01ea3320d02a?s=96&d=mm&r=g\",\"caption\":\"Marco Nepote Fus\"}}]}<\/script>\n<!-- \/ Yoast SEO plugin. -->","yoast_head_json":{"title":"Azimut|Benetti n\u00b01 della nautica mondiale - Azimut|Benetti Group","description":"Azimut|Benetti \u00e8 l'azienda leader a livello mondiale nel settore della nautica da diporto, riconosciuta dal Global Year Book and Boat International. Scopri di pi\u00f9 sui loro yacht di lusso e la loro reputazione senza precedenti nel settore.","robots":{"index":"index","follow":"follow","max-snippet":"max-snippet:-1","max-image-preview":"max-image-preview:large","max-video-preview":"max-video-preview:-1"},"canonical":"https:\/\/www.azimutbenetti.com\/it\/azimutbenetti-n1-della-nautica-mondiale\/","og_locale":"it_IT","og_type":"article","og_title":"Azimut|Benetti n\u00b01 della nautica mondiale - Azimut|Benetti Group","og_description":"Azimut|Benetti \u00e8 l'azienda leader a livello mondiale nel settore della nautica da diporto, riconosciuta dal Global Year Book and Boat International. Scopri di pi\u00f9 sui loro yacht di lusso e la loro reputazione senza precedenti nel settore.","og_url":"https:\/\/www.azimutbenetti.com\/it\/azimutbenetti-n1-della-nautica-mondiale\/","og_site_name":"Azimut|Benetti Group","article_published_time":"2023-12-13T13:56:35+00:00","article_modified_time":"2024-01-25T07:07:48+00:00","og_image":[{"width":2048,"height":1364,"url":"https:\/\/www.azimutbenetti.com\/app\/uploads\/2023\/12\/ABGroup-Always-the-first2024-IT-1.jpg","type":"image\/jpeg"}],"author":"Marco Nepote Fus","twitter_card":"summary_large_image","twitter_misc":{"Scritto da":"Marco Nepote Fus","Tempo di lettura stimato":"10 minuti"},"schema":{"@context":"https:\/\/schema.org","@graph":[{"@type":"Article","@id":"https:\/\/www.azimutbenetti.com\/it\/azimutbenetti-n1-della-nautica-mondiale\/#article","isPartOf":{"@id":"https:\/\/www.azimutbenetti.com\/it\/azimutbenetti-n1-della-nautica-mondiale\/"},"author":{"name":"Marco Nepote Fus","@id":"https:\/\/www.azimutbenetti.com\/#\/schema\/person\/a230cb3b9fe0a842c8347aca987544e4"},"headline":"Azimut|Benetti n\u00b01 della nautica mondiale","datePublished":"2023-12-13T13:56:35+00:00","dateModified":"2024-01-25T07:07:48+00:00","mainEntityOfPage":{"@id":"https:\/\/www.azimutbenetti.com\/it\/azimutbenetti-n1-della-nautica-mondiale\/"},"wordCount":1818,"publisher":{"@id":"https:\/\/www.azimutbenetti.com\/#organization"},"image":{"@id":"https:\/\/www.azimutbenetti.com\/it\/azimutbenetti-n1-della-nautica-mondiale\/#primaryimage"},"thumbnailUrl":"https:\/\/www.azimutbenetti.com\/app\/uploads\/2023\/12\/ABGroup-Always-the-first2024-IT-1.jpg","articleSection":["Newsroom"],"inLanguage":"it-IT"},{"@type":"WebPage","@id":"https:\/\/www.azimutbenetti.com\/it\/azimutbenetti-n1-della-nautica-mondiale\/","url":"https:\/\/www.azimutbenetti.com\/it\/azimutbenetti-n1-della-nautica-mondiale\/","name":"Azimut|Benetti n\u00b01 della nautica mondiale - Azimut|Benetti Group","isPartOf":{"@id":"https:\/\/www.azimutbenetti.com\/#website"},"primaryImageOfPage":{"@id":"https:\/\/www.azimutbenetti.com\/it\/azimutbenetti-n1-della-nautica-mondiale\/#primaryimage"},"image":{"@id":"https:\/\/www.azimutbenetti.com\/it\/azimutbenetti-n1-della-nautica-mondiale\/#primaryimage"},"thumbnailUrl":"https:\/\/www.azimutbenetti.com\/app\/uploads\/2023\/12\/ABGroup-Always-the-first2024-IT-1.jpg","datePublished":"2023-12-13T13:56:35+00:00","dateModified":"2024-01-25T07:07:48+00:00","description":"Azimut|Benetti \u00e8 l'azienda leader a livello mondiale nel settore della nautica da diporto, riconosciuta dal Global Year Book and Boat International. Scopri di pi\u00f9 sui loro yacht di lusso e la loro reputazione senza precedenti nel settore.","breadcrumb":{"@id":"https:\/\/www.azimutbenetti.com\/it\/azimutbenetti-n1-della-nautica-mondiale\/#breadcrumb"},"inLanguage":"it-IT","potentialAction":[{"@type":"ReadAction","target":["https:\/\/www.azimutbenetti.com\/it\/azimutbenetti-n1-della-nautica-mondiale\/"]}]},{"@type":"ImageObject","inLanguage":"it-IT","@id":"https:\/\/www.azimutbenetti.com\/it\/azimutbenetti-n1-della-nautica-mondiale\/#primaryimage","url":"https:\/\/www.azimutbenetti.com\/app\/uploads\/2023\/12\/ABGroup-Always-the-first2024-IT-1.jpg","contentUrl":"https:\/\/www.azimutbenetti.com\/app\/uploads\/2023\/12\/ABGroup-Always-the-first2024-IT-1.jpg","width":2048,"height":1364},{"@type":"BreadcrumbList","@id":"https:\/\/www.azimutbenetti.com\/it\/azimutbenetti-n1-della-nautica-mondiale\/#breadcrumb","itemListElement":[{"@type":"ListItem","position":1,"name":"Home","item":"https:\/\/www.azimutbenetti.com\/it\/"},{"@type":"ListItem","position":2,"name":"Newsroom","item":"https:\/\/www.azimutbenetti.com\/it\/category\/news\/"},{"@type":"ListItem","position":3,"name":"Azimut|Benetti n\u00b01 della nautica mondiale"}]},{"@type":"WebSite","@id":"https:\/\/www.azimutbenetti.com\/#website","url":"https:\/\/www.azimutbenetti.com\/","name":"Azimut|Benetti Group","description":"In Mare. La bellezza. Il futuro. Un Gruppo.","publisher":{"@id":"https:\/\/www.azimutbenetti.com\/#organization"},"potentialAction":[{"@type":"SearchAction","target":{"@type":"EntryPoint","urlTemplate":"https:\/\/www.azimutbenetti.com\/?s={search_term_string}"},"query-input":{"@type":"PropertyValueSpecification","valueRequired":true,"valueName":"search_term_string"}}],"inLanguage":"it-IT"},{"@type":"Organization","@id":"https:\/\/www.azimutbenetti.com\/#organization","name":"Azimut | Benetti","url":"https:\/\/www.azimutbenetti.com\/","logo":{"@type":"ImageObject","inLanguage":"it-IT","@id":"https:\/\/www.azimutbenetti.com\/#\/schema\/logo\/image\/","url":"https:\/\/www.azimutbenetti.com\/app\/uploads\/2023\/04\/cropped-FAVICON_01.png","contentUrl":"https:\/\/www.azimutbenetti.com\/app\/uploads\/2023\/04\/cropped-FAVICON_01.png","width":512,"height":512,"caption":"Azimut | Benetti"},"image":{"@id":"https:\/\/www.azimutbenetti.com\/#\/schema\/logo\/image\/"}},{"@type":"Person","@id":"https:\/\/www.azimutbenetti.com\/#\/schema\/person\/a230cb3b9fe0a842c8347aca987544e4","name":"Marco Nepote Fus","image":{"@type":"ImageObject","inLanguage":"it-IT","@id":"https:\/\/www.azimutbenetti.com\/#\/schema\/person\/image\/","url":"https:\/\/secure.gravatar.com\/avatar\/10d44fdfac98b587bc3cb042c7afe823b2d124957e5fd8ec79ce01ea3320d02a?s=96&d=mm&r=g","contentUrl":"https:\/\/secure.gravatar.com\/avatar\/10d44fdfac98b587bc3cb042c7afe823b2d124957e5fd8ec79ce01ea3320d02a?s=96&d=mm&r=g","caption":"Marco Nepote Fus"}}]}},"_links":{"self":[{"href":"https:\/\/www.azimutbenetti.com\/it\/wp-json\/wp\/v2\/posts\/4642","targetHints":{"allow":["GET"]}}],"collection":[{"href":"https:\/\/www.azimutbenetti.com\/it\/wp-json\/wp\/v2\/posts"}],"about":[{"href":"https:\/\/www.azimutbenetti.com\/it\/wp-json\/wp\/v2\/types\/post"}],"author":[{"embeddable":true,"href":"https:\/\/www.azimutbenetti.com\/it\/wp-json\/wp\/v2\/users\/3"}],"replies":[{"embeddable":true,"href":"https:\/\/www.azimutbenetti.com\/it\/wp-json\/wp\/v2\/comments?post=4642"}],"version-history":[{"count":60,"href":"https:\/\/www.azimutbenetti.com\/it\/wp-json\/wp\/v2\/posts\/4642\/revisions"}],"predecessor-version":[{"id":4754,"href":"https:\/\/www.azimutbenetti.com\/it\/wp-json\/wp\/v2\/posts\/4642\/revisions\/4754"}],"wp:featuredmedia":[{"embeddable":true,"href":"https:\/\/www.azimutbenetti.com\/it\/wp-json\/wp\/v2\/media\/4738"}],"wp:attachment":[{"href":"https:\/\/www.azimutbenetti.com\/it\/wp-json\/wp\/v2\/media?parent=4642"}],"wp:term":[{"taxonomy":"category","embeddable":true,"href":"https:\/\/www.azimutbenetti.com\/it\/wp-json\/wp\/v2\/categories?post=4642"},{"taxonomy":"post_tag","embeddable":true,"href":"https:\/\/www.azimutbenetti.com\/it\/wp-json\/wp\/v2\/tags?post=4642"}],"curies":[{"name":"wp","href":"https:\/\/api.w.org\/{rel}","templated":true}]}}