{"id":4383,"date":"2023-06-13T12:14:44","date_gmt":"2023-06-13T10:14:44","guid":{"rendered":"https:\/\/www.azimutbenetti.com\/2023\/06\/13\/azimutbenetti-has-set-up-its-own-academy\/"},"modified":"2023-06-13T12:26:11","modified_gmt":"2023-06-13T10:26:11","slug":"azimutbenetti-has-set-up-its-own-academy","status":"publish","type":"post","link":"https:\/\/www.azimutbenetti.com\/it\/azimutbenetti-has-set-up-its-own-academy\/","title":{"rendered":"Il Gruppo Azimut|Benetti Forma I Protagonisti Della Nautica Di Domani"},"content":{"rendered":"\n<div class=\"wp-block-group thor-maxwidth-lg is-layout-constrained wp-block-group-is-layout-constrained\">\n<div style=\"height:120px\" aria-hidden=\"true\" class=\"wp-block-spacer\"><\/div>\n\n\n\n<h4 class=\"wp-block-heading alignwide is-style-default\"><strong>Capofila di un comparto di cui l\u2019Italia detiene la leadership globale, il Gruppo Azimut|Benetti fonda la sua Academy: un approccio olistico alla formazione e 4 ambiti di intervento per accompagnare i dipendenti nella crescita professionale e creare nuova occupazione formando le figure pi\u00f9 richieste dal settore nautico.<\/strong><\/h4>\n\n\n\n<div style=\"height:35px\" aria-hidden=\"true\" class=\"wp-block-spacer\"><\/div>\n\n\n\n<p class=\"is-style-sans has-small-font-size\">Avigliana, 13&nbsp;giugno 2023 \u2013 Il Gruppo Azimut|Benetti istituisce l\u2019<strong><em>Azimut|Benetti Group Corporate Academy<\/em><\/strong>, una&nbsp;<strong>scuola d\u2019impresa<\/strong>&nbsp;concepita per formare le migliori<strong>&nbsp;professionalit\u00e0 del mondo della nautica<\/strong>, con il duplice obiettivo di accompagnare i dipendenti nel proprio percorso di crescita professionale e di creare le figure pi\u00f9 richieste dal settore per&nbsp;<strong>generare nuova occupazione<\/strong>. Un&#8217;iniziativa volta a esaltare il valore e la professionalit\u00e0 dei dipendenti attuali e futuri, che da sempre vede impegnato il fondatore dell\u2019azienda, Paolo Vitelli, e fortemente voluta da Giovanna Vitelli nei suoi primi mesi come Presidente del Gruppo.<\/p>\n\n\n\n<div style=\"height:35px\" aria-hidden=\"true\" class=\"wp-block-spacer\"><\/div>\n\n\n\n<p class=\"is-style-sans has-small-font-size\">L\u2019<em>Azimut|Benetti Group Corporate Academy&nbsp;<\/em>\u00e8 la prima nella nautica a guardare all\u2019industria nel complesso e ad affrontare il tema della formazione con un<strong>&nbsp;approccio olistico,<\/strong>&nbsp;comprendendo nel suo modello l\u2019insegnamento dei&nbsp;<strong>saperi tecnici e artigianali<\/strong>, lo&nbsp;<strong>sviluppo manageriale<\/strong>&nbsp;e l\u2019istituzione di&nbsp;<strong>progetti educativi e di orientamento<\/strong>&nbsp;in collaborazione con agenzie di formazione professionale, istituti di istruzione secondaria e universitaria. Un programma ambizioso, fondato sulla condivisione dei valori e delle competenze che da 23 anni confermano il Gruppo al primo posto della classifica mondiale dei produttori di superyacht.<\/p>\n\n\n\n<div style=\"height:35px\" aria-hidden=\"true\" class=\"wp-block-spacer\"><\/div>\n\n\n\n<p class=\"is-style-sans has-small-font-size\">La struttura formativa si articola in&nbsp;<strong>quattro ambiti d\u2019intervento<\/strong>: l\u2019<strong>Academy dei Cantieri&nbsp;<\/strong>e l\u2019<strong>Academy Manageriale<\/strong>, finalizzate a upskilling, reskilling ed executive education dei dipendenti del Gruppo, il&nbsp;<strong>Piano Istituzionale di Carriera<\/strong>&nbsp;strutturato in percorsi di crescita interna e i progetti&nbsp;<strong>Educativi e di Orientamento<\/strong>&nbsp;rivolti agli studenti. Alla base, la consapevolezza delle opportunit\u00e0 offerte oggi dalla nautica e il ruolo che l\u2019azienda ricopre in un&nbsp;<strong>comparto strategico per il Paese<\/strong>:<\/p>\n\n\n\n<div style=\"height:35px\" aria-hidden=\"true\" class=\"wp-block-spacer\"><\/div>\n\n\n\n<p class=\"is-style-sans has-small-font-size\"><em><em>\u00abSiamo leader di un settore che vede l\u2019Italia al primo posto nel mondo. Un settore in crescita e alla costante ricerca di figure specializzate. Alcuni dei professionisti di riferimento a livello internazionale sono parte del nostro Gruppo e abbiamo il migliore network di partner e fornitori: condividere questo patrimonio per creare nuove opportunit\u00e0 per persone interne ed esterne al Cantiere \u00e8 una responsabilit\u00e0 e un privilegio\u00bb<\/em>, commenta&nbsp;<strong>Marco Valle, CEO del Gruppo Azimut|Benetti<\/strong>.<\/em><\/p>\n\n\n\n<div style=\"height:35px\" aria-hidden=\"true\" class=\"wp-block-spacer\"><\/div>\n\n\n\n<p class=\"is-style-sans has-small-font-size\">Secondo&nbsp;<em>La Nautica in cifre<\/em>, studio presentato da Confindustria Nautica nel mese di settembre 2022, nel 2021 il contributo del settore della nautica al PIL nazionale \u00e8 stato superiore ai 5 miliardi di euro, in aumento del 31.4% rispetto al 2020. Gli addetti complessivi sono saliti del 9.7%, con un picco del 14.7% nella costruzione di nuove unit\u00e0.<\/p>\n\n\n\n<div style=\"height:35px\" aria-hidden=\"true\" class=\"wp-block-spacer\"><\/div>\n<\/div>\n\n\n\n<figure class=\"wp-block-image size-large\"><img loading=\"lazy\" decoding=\"async\" width=\"1440\" height=\"1080\" src=\"https:\/\/www.azimutbenetti.com\/app\/uploads\/2023\/06\/balsamini_Azimut_day174-1440x1080.jpg\" alt=\"\" class=\"wp-image-4371\" srcset=\"https:\/\/www.azimutbenetti.com\/app\/uploads\/2023\/06\/balsamini_Azimut_day174-1440x1080.jpg 1440w, https:\/\/www.azimutbenetti.com\/app\/uploads\/2023\/06\/balsamini_Azimut_day174-600x450.jpg 600w, https:\/\/www.azimutbenetti.com\/app\/uploads\/2023\/06\/balsamini_Azimut_day174-1024x768.jpg 1024w, https:\/\/www.azimutbenetti.com\/app\/uploads\/2023\/06\/balsamini_Azimut_day174-70x53.jpg 70w, https:\/\/www.azimutbenetti.com\/app\/uploads\/2023\/06\/balsamini_Azimut_day174.jpg 1500w\" sizes=\"auto, (max-width: 1440px) 100vw, 1440px\" \/><\/figure>\n\n\n\n<div class=\"wp-block-group thor-maxwidth-lg is-layout-constrained wp-block-group-is-layout-constrained\">\n<div style=\"height:35px\" aria-hidden=\"true\" class=\"wp-block-spacer\"><\/div>\n\n\n\n<p class=\"is-style-sans has-small-font-size\">Dall\u2019area cantieristica partir\u00e0 anche il progetto dell\u2019<em>Academy dei Cantieri<\/em>, realizzata in collaborazione con la Fondazione Casa di Carit\u00e0 Arti e Mestieri di Torino nell\u2019ambito dell\u2019Academy Mobilit\u00e0 Integrata Innovativa e Sostenibile promossa dalla Regione Piemonte, inaugurata il&nbsp;<strong>5 giugno 2023<\/strong>. I corsi \u2013 oltre&nbsp;<strong>18.000 ore di formazione<\/strong>&nbsp;\u2013 avranno come obiettivo la promozione della&nbsp;<strong>cultura del miglioramento continuo<\/strong>&nbsp;e punteranno a valorizzare e rafforzare le skill richieste dall\u2019azienda<strong>&nbsp;per formare profili altamente specializzati<\/strong>&nbsp;nelle tecniche di carrozzeria, falegnameria, allestimento nautico e montaggio meccanico e idraulico.<\/p>\n\n\n\n<div style=\"height:35px\" aria-hidden=\"true\" class=\"wp-block-spacer\"><\/div>\n\n\n\n<p class=\"is-style-sans has-small-font-size\"><em><em>\u00abL\u2019Academy dei Cantieri nasce per mettere al centro l\u2019homo faber e la sua capacit\u00e0 di creare e costruire, esaltando l\u2019artigianalit\u00e0 intrinseca del processo produttivo unita all\u2019elevata professionalit\u00e0 delle maestranze, che da sempre \u00e8 uno dei tratti distintivi della nostra dell\u2019azienda\u00bb<\/em>&nbsp;spiega&nbsp;<strong>Santi Carlino, Chief People &amp; ICT&nbsp;Officer del Gruppo Azimut|Benetti<\/strong>.<\/em><\/p>\n\n\n\n<div style=\"height:35px\" aria-hidden=\"true\" class=\"wp-block-spacer\"><\/div>\n\n\n\n<p class=\"is-style-sans has-small-font-size\">Nel corso dell\u2019estate avranno inizio anche i corsi dell\u2019<strong><em>Academy Manageriale<\/em><\/strong>, studiati per garantire il presidio, la diffusione e lo sviluppo della cultura d\u2019impresa valorizzando talento e professionalit\u00e0. In oltre 28.000 ore di formazione&nbsp;<strong>i manager del Gruppo Azimut|Benetti verranno coinvolti in programmi di sviluppo della leadership<\/strong>&nbsp;volti al rafforzamento delle competenze di comunicazione e ascolto, people management e decision making. Parte del percorso saranno anche le classi dedicate a requisiti specifici, come la customer experience nell\u2019ambito del settore del lusso.<\/p>\n\n\n\n<div style=\"height:35px\" aria-hidden=\"true\" class=\"wp-block-spacer\"><\/div>\n\n\n\n<p class=\"is-style-sans has-small-font-size\"><strong>Aggiunge&nbsp;<strong>Santi Carlino<\/strong><em>: \u00abL\u2019Academy Manageriale offre ai nostri manager attivit\u00e0 formative specifiche, individuate tramite processi di analisi dei fabbisogni ed imprescindibili per il raggiungimento degli obiettivi strategici di change management e sviluppo organizzativo. Il programma mira a potenziare le capacit\u00e0 necessarie per eccellere nel business\u00bb.<\/em><\/strong><\/p>\n\n\n\n<div style=\"height:35px\" aria-hidden=\"true\" class=\"wp-block-spacer\"><\/div>\n\n\n\n<p class=\"is-style-sans has-small-font-size\">Le due Academy sono la naturale prosecuzione del percorso di apprendimento dei valori e delle competenze aziendali che inizia con&nbsp;<strong>l\u2019onboarding e l\u2019induction delle persone interne al Gruppo<\/strong>&nbsp;e che si articola nel&nbsp;<strong>piano di crescita professionale<\/strong>&nbsp;dedicato ai dipendenti e strutturato in step istituzionali di carriera.<\/p>\n\n\n\n<div style=\"height:35px\" aria-hidden=\"true\" class=\"wp-block-spacer\"><\/div>\n\n\n\n<p class=\"is-style-sans has-small-font-size\">L\u2019Azimut|Benetti Group Corporate Academy amplia il progetto di&nbsp;<strong>educazione professionalizzante<\/strong>&nbsp;gi\u00e0 avviato dall\u2019azienda per&nbsp;<strong>favorire l\u2019avvicinamento dei giovani al settore nautico e per favorire il loro ingresso nel mondo del lavoro<\/strong>. Da diversi anni, infatti, il Gruppo collabora con le&nbsp;<strong>scuole professionali<\/strong>&nbsp;per la formazione di profili specializzati in ambito falegnameria, allestimento o carrozzeria, con gli&nbsp;<strong>istituti di istruzione secondaria<\/strong>&nbsp;per effettuare \u201ccurvature delle competenze\u201d con l\u2019obiettivo di sviluppare piani di studio a indirizzo meccanico-navale o per la formazione di operatori navali, con l\u2019<strong>istituto tecnico-nautico&nbsp;<\/strong>per formare giovani comandanti e marinai, e con&nbsp;<strong>istituti di alta formazione&nbsp;<\/strong>per attivit\u00e0 che vanno dallo sviluppo di nuove tecnologie all\u2019inserimento in azienda e alla codocenza.<\/p>\n\n\n\n<div style=\"height:50px\" aria-hidden=\"true\" class=\"wp-block-spacer\"><\/div>\n<\/div>\n","protected":false},"excerpt":{"rendered":"<p>Capofila di un comparto di cui l\u2019Italia detiene la leadership globale, il Gruppo Azimut|Benetti fonda la sua Academy: un approccio&#8230;<\/p>\n","protected":false},"author":3,"featured_media":4370,"comment_status":"closed","ping_status":"closed","sticky":true,"template":"","format":"standard","meta":{"_acf_changed":false,"inline_featured_image":false,"footnotes":""},"categories":[4],"tags":[],"class_list":["post-4383","post","type-post","status-publish","format-standard","has-post-thumbnail","hentry","category-news"],"acf":[],"yoast_head":"<!-- This site is optimized with the Yoast SEO plugin v26.9 - https:\/\/yoast.com\/product\/yoast-seo-wordpress\/ -->\n<title>Il Gruppo Azimut|Benetti Forma I Protagonisti Della Nautica Di Domani - Azimut|Benetti Group<\/title>\n<meta name=\"description\" content=\"Azimut|Benetti Group has set up its own Academy, offering a holistic training approach to promote the professional growth of employees\" \/>\n<meta name=\"robots\" content=\"index, follow, max-snippet:-1, max-image-preview:large, max-video-preview:-1\" \/>\n<link rel=\"canonical\" href=\"https:\/\/www.azimutbenetti.com\/it\/azimutbenetti-has-set-up-its-own-academy\/\" \/>\n<meta property=\"og:locale\" content=\"it_IT\" \/>\n<meta property=\"og:type\" content=\"article\" \/>\n<meta property=\"og:title\" content=\"Il Gruppo Azimut|Benetti Forma I Protagonisti Della Nautica Di Domani - Azimut|Benetti Group\" \/>\n<meta property=\"og:description\" content=\"Azimut|Benetti Group has set up its own Academy, offering a holistic training approach to promote the professional growth of employees\" \/>\n<meta property=\"og:url\" content=\"https:\/\/www.azimutbenetti.com\/it\/azimutbenetti-has-set-up-its-own-academy\/\" \/>\n<meta property=\"og:site_name\" content=\"Azimut|Benetti Group\" \/>\n<meta property=\"article:published_time\" content=\"2023-06-13T10:14:44+00:00\" \/>\n<meta property=\"article:modified_time\" content=\"2023-06-13T10:26:11+00:00\" \/>\n<meta property=\"og:image\" content=\"https:\/\/www.azimutbenetti.com\/app\/uploads\/2023\/06\/Azimut-Benetti-Group_1-scaled.jpg\" \/>\n\t<meta property=\"og:image:width\" content=\"2560\" \/>\n\t<meta property=\"og:image:height\" content=\"1707\" \/>\n\t<meta property=\"og:image:type\" content=\"image\/jpeg\" \/>\n<meta name=\"author\" content=\"Marco Nepote Fus\" \/>\n<meta name=\"twitter:card\" content=\"summary_large_image\" \/>\n<meta name=\"twitter:label1\" content=\"Scritto da\" \/>\n\t<meta name=\"twitter:data1\" content=\"Marco Nepote Fus\" \/>\n\t<meta name=\"twitter:label2\" content=\"Tempo di lettura stimato\" \/>\n\t<meta name=\"twitter:data2\" content=\"5 minuti\" \/>\n<script type=\"application\/ld+json\" class=\"yoast-schema-graph\">{\"@context\":\"https:\/\/schema.org\",\"@graph\":[{\"@type\":\"Article\",\"@id\":\"https:\/\/www.azimutbenetti.com\/it\/azimutbenetti-has-set-up-its-own-academy\/#article\",\"isPartOf\":{\"@id\":\"https:\/\/www.azimutbenetti.com\/it\/azimutbenetti-has-set-up-its-own-academy\/\"},\"author\":{\"name\":\"Marco Nepote Fus\",\"@id\":\"https:\/\/www.azimutbenetti.com\/#\/schema\/person\/a230cb3b9fe0a842c8347aca987544e4\"},\"headline\":\"Il Gruppo Azimut|Benetti Forma I Protagonisti Della Nautica Di Domani\",\"datePublished\":\"2023-06-13T10:14:44+00:00\",\"dateModified\":\"2023-06-13T10:26:11+00:00\",\"mainEntityOfPage\":{\"@id\":\"https:\/\/www.azimutbenetti.com\/it\/azimutbenetti-has-set-up-its-own-academy\/\"},\"wordCount\":928,\"publisher\":{\"@id\":\"https:\/\/www.azimutbenetti.com\/#organization\"},\"image\":{\"@id\":\"https:\/\/www.azimutbenetti.com\/it\/azimutbenetti-has-set-up-its-own-academy\/#primaryimage\"},\"thumbnailUrl\":\"https:\/\/www.azimutbenetti.com\/app\/uploads\/2023\/06\/Azimut-Benetti-Group_1-scaled.jpg\",\"articleSection\":[\"Newsroom\"],\"inLanguage\":\"it-IT\"},{\"@type\":\"WebPage\",\"@id\":\"https:\/\/www.azimutbenetti.com\/it\/azimutbenetti-has-set-up-its-own-academy\/\",\"url\":\"https:\/\/www.azimutbenetti.com\/it\/azimutbenetti-has-set-up-its-own-academy\/\",\"name\":\"Il Gruppo Azimut|Benetti Forma I Protagonisti Della Nautica Di Domani - Azimut|Benetti Group\",\"isPartOf\":{\"@id\":\"https:\/\/www.azimutbenetti.com\/#website\"},\"primaryImageOfPage\":{\"@id\":\"https:\/\/www.azimutbenetti.com\/it\/azimutbenetti-has-set-up-its-own-academy\/#primaryimage\"},\"image\":{\"@id\":\"https:\/\/www.azimutbenetti.com\/it\/azimutbenetti-has-set-up-its-own-academy\/#primaryimage\"},\"thumbnailUrl\":\"https:\/\/www.azimutbenetti.com\/app\/uploads\/2023\/06\/Azimut-Benetti-Group_1-scaled.jpg\",\"datePublished\":\"2023-06-13T10:14:44+00:00\",\"dateModified\":\"2023-06-13T10:26:11+00:00\",\"description\":\"Azimut|Benetti Group has set up its own Academy, offering a holistic training approach to promote the professional growth of employees\",\"breadcrumb\":{\"@id\":\"https:\/\/www.azimutbenetti.com\/it\/azimutbenetti-has-set-up-its-own-academy\/#breadcrumb\"},\"inLanguage\":\"it-IT\",\"potentialAction\":[{\"@type\":\"ReadAction\",\"target\":[\"https:\/\/www.azimutbenetti.com\/it\/azimutbenetti-has-set-up-its-own-academy\/\"]}]},{\"@type\":\"ImageObject\",\"inLanguage\":\"it-IT\",\"@id\":\"https:\/\/www.azimutbenetti.com\/it\/azimutbenetti-has-set-up-its-own-academy\/#primaryimage\",\"url\":\"https:\/\/www.azimutbenetti.com\/app\/uploads\/2023\/06\/Azimut-Benetti-Group_1-scaled.jpg\",\"contentUrl\":\"https:\/\/www.azimutbenetti.com\/app\/uploads\/2023\/06\/Azimut-Benetti-Group_1-scaled.jpg\",\"width\":2560,\"height\":1707},{\"@type\":\"BreadcrumbList\",\"@id\":\"https:\/\/www.azimutbenetti.com\/it\/azimutbenetti-has-set-up-its-own-academy\/#breadcrumb\",\"itemListElement\":[{\"@type\":\"ListItem\",\"position\":1,\"name\":\"Home\",\"item\":\"https:\/\/www.azimutbenetti.com\/it\/\"},{\"@type\":\"ListItem\",\"position\":2,\"name\":\"Newsroom\",\"item\":\"https:\/\/www.azimutbenetti.com\/it\/category\/news\/\"},{\"@type\":\"ListItem\",\"position\":3,\"name\":\"Il Gruppo Azimut|Benetti Forma I&hellip;\"}]},{\"@type\":\"WebSite\",\"@id\":\"https:\/\/www.azimutbenetti.com\/#website\",\"url\":\"https:\/\/www.azimutbenetti.com\/\",\"name\":\"Azimut|Benetti Group\",\"description\":\"In Mare. La bellezza. Il futuro. Un Gruppo.\",\"publisher\":{\"@id\":\"https:\/\/www.azimutbenetti.com\/#organization\"},\"potentialAction\":[{\"@type\":\"SearchAction\",\"target\":{\"@type\":\"EntryPoint\",\"urlTemplate\":\"https:\/\/www.azimutbenetti.com\/?s={search_term_string}\"},\"query-input\":{\"@type\":\"PropertyValueSpecification\",\"valueRequired\":true,\"valueName\":\"search_term_string\"}}],\"inLanguage\":\"it-IT\"},{\"@type\":\"Organization\",\"@id\":\"https:\/\/www.azimutbenetti.com\/#organization\",\"name\":\"Azimut | Benetti\",\"url\":\"https:\/\/www.azimutbenetti.com\/\",\"logo\":{\"@type\":\"ImageObject\",\"inLanguage\":\"it-IT\",\"@id\":\"https:\/\/www.azimutbenetti.com\/#\/schema\/logo\/image\/\",\"url\":\"https:\/\/www.azimutbenetti.com\/app\/uploads\/2023\/04\/cropped-FAVICON_01.png\",\"contentUrl\":\"https:\/\/www.azimutbenetti.com\/app\/uploads\/2023\/04\/cropped-FAVICON_01.png\",\"width\":512,\"height\":512,\"caption\":\"Azimut | Benetti\"},\"image\":{\"@id\":\"https:\/\/www.azimutbenetti.com\/#\/schema\/logo\/image\/\"}},{\"@type\":\"Person\",\"@id\":\"https:\/\/www.azimutbenetti.com\/#\/schema\/person\/a230cb3b9fe0a842c8347aca987544e4\",\"name\":\"Marco Nepote Fus\",\"image\":{\"@type\":\"ImageObject\",\"inLanguage\":\"it-IT\",\"@id\":\"https:\/\/www.azimutbenetti.com\/#\/schema\/person\/image\/\",\"url\":\"https:\/\/secure.gravatar.com\/avatar\/10d44fdfac98b587bc3cb042c7afe823b2d124957e5fd8ec79ce01ea3320d02a?s=96&d=mm&r=g\",\"contentUrl\":\"https:\/\/secure.gravatar.com\/avatar\/10d44fdfac98b587bc3cb042c7afe823b2d124957e5fd8ec79ce01ea3320d02a?s=96&d=mm&r=g\",\"caption\":\"Marco Nepote Fus\"}}]}<\/script>\n<!-- \/ Yoast SEO plugin. -->","yoast_head_json":{"title":"Il Gruppo Azimut|Benetti Forma I Protagonisti Della Nautica Di Domani - Azimut|Benetti Group","description":"Azimut|Benetti Group has set up its own Academy, offering a holistic training approach to promote the professional growth of employees","robots":{"index":"index","follow":"follow","max-snippet":"max-snippet:-1","max-image-preview":"max-image-preview:large","max-video-preview":"max-video-preview:-1"},"canonical":"https:\/\/www.azimutbenetti.com\/it\/azimutbenetti-has-set-up-its-own-academy\/","og_locale":"it_IT","og_type":"article","og_title":"Il Gruppo Azimut|Benetti Forma I Protagonisti Della Nautica Di Domani - Azimut|Benetti Group","og_description":"Azimut|Benetti Group has set up its own Academy, offering a holistic training approach to promote the professional growth of employees","og_url":"https:\/\/www.azimutbenetti.com\/it\/azimutbenetti-has-set-up-its-own-academy\/","og_site_name":"Azimut|Benetti Group","article_published_time":"2023-06-13T10:14:44+00:00","article_modified_time":"2023-06-13T10:26:11+00:00","og_image":[{"width":2560,"height":1707,"url":"https:\/\/www.azimutbenetti.com\/app\/uploads\/2023\/06\/Azimut-Benetti-Group_1-scaled.jpg","type":"image\/jpeg"}],"author":"Marco Nepote Fus","twitter_card":"summary_large_image","twitter_misc":{"Scritto da":"Marco Nepote Fus","Tempo di lettura stimato":"5 minuti"},"schema":{"@context":"https:\/\/schema.org","@graph":[{"@type":"Article","@id":"https:\/\/www.azimutbenetti.com\/it\/azimutbenetti-has-set-up-its-own-academy\/#article","isPartOf":{"@id":"https:\/\/www.azimutbenetti.com\/it\/azimutbenetti-has-set-up-its-own-academy\/"},"author":{"name":"Marco Nepote Fus","@id":"https:\/\/www.azimutbenetti.com\/#\/schema\/person\/a230cb3b9fe0a842c8347aca987544e4"},"headline":"Il Gruppo Azimut|Benetti Forma I Protagonisti Della Nautica Di Domani","datePublished":"2023-06-13T10:14:44+00:00","dateModified":"2023-06-13T10:26:11+00:00","mainEntityOfPage":{"@id":"https:\/\/www.azimutbenetti.com\/it\/azimutbenetti-has-set-up-its-own-academy\/"},"wordCount":928,"publisher":{"@id":"https:\/\/www.azimutbenetti.com\/#organization"},"image":{"@id":"https:\/\/www.azimutbenetti.com\/it\/azimutbenetti-has-set-up-its-own-academy\/#primaryimage"},"thumbnailUrl":"https:\/\/www.azimutbenetti.com\/app\/uploads\/2023\/06\/Azimut-Benetti-Group_1-scaled.jpg","articleSection":["Newsroom"],"inLanguage":"it-IT"},{"@type":"WebPage","@id":"https:\/\/www.azimutbenetti.com\/it\/azimutbenetti-has-set-up-its-own-academy\/","url":"https:\/\/www.azimutbenetti.com\/it\/azimutbenetti-has-set-up-its-own-academy\/","name":"Il Gruppo Azimut|Benetti Forma I Protagonisti Della Nautica Di Domani - Azimut|Benetti Group","isPartOf":{"@id":"https:\/\/www.azimutbenetti.com\/#website"},"primaryImageOfPage":{"@id":"https:\/\/www.azimutbenetti.com\/it\/azimutbenetti-has-set-up-its-own-academy\/#primaryimage"},"image":{"@id":"https:\/\/www.azimutbenetti.com\/it\/azimutbenetti-has-set-up-its-own-academy\/#primaryimage"},"thumbnailUrl":"https:\/\/www.azimutbenetti.com\/app\/uploads\/2023\/06\/Azimut-Benetti-Group_1-scaled.jpg","datePublished":"2023-06-13T10:14:44+00:00","dateModified":"2023-06-13T10:26:11+00:00","description":"Azimut|Benetti Group has set up its own Academy, offering a holistic training approach to promote the professional growth of employees","breadcrumb":{"@id":"https:\/\/www.azimutbenetti.com\/it\/azimutbenetti-has-set-up-its-own-academy\/#breadcrumb"},"inLanguage":"it-IT","potentialAction":[{"@type":"ReadAction","target":["https:\/\/www.azimutbenetti.com\/it\/azimutbenetti-has-set-up-its-own-academy\/"]}]},{"@type":"ImageObject","inLanguage":"it-IT","@id":"https:\/\/www.azimutbenetti.com\/it\/azimutbenetti-has-set-up-its-own-academy\/#primaryimage","url":"https:\/\/www.azimutbenetti.com\/app\/uploads\/2023\/06\/Azimut-Benetti-Group_1-scaled.jpg","contentUrl":"https:\/\/www.azimutbenetti.com\/app\/uploads\/2023\/06\/Azimut-Benetti-Group_1-scaled.jpg","width":2560,"height":1707},{"@type":"BreadcrumbList","@id":"https:\/\/www.azimutbenetti.com\/it\/azimutbenetti-has-set-up-its-own-academy\/#breadcrumb","itemListElement":[{"@type":"ListItem","position":1,"name":"Home","item":"https:\/\/www.azimutbenetti.com\/it\/"},{"@type":"ListItem","position":2,"name":"Newsroom","item":"https:\/\/www.azimutbenetti.com\/it\/category\/news\/"},{"@type":"ListItem","position":3,"name":"Il Gruppo Azimut|Benetti Forma I&hellip;"}]},{"@type":"WebSite","@id":"https:\/\/www.azimutbenetti.com\/#website","url":"https:\/\/www.azimutbenetti.com\/","name":"Azimut|Benetti Group","description":"In Mare. La bellezza. Il futuro. Un Gruppo.","publisher":{"@id":"https:\/\/www.azimutbenetti.com\/#organization"},"potentialAction":[{"@type":"SearchAction","target":{"@type":"EntryPoint","urlTemplate":"https:\/\/www.azimutbenetti.com\/?s={search_term_string}"},"query-input":{"@type":"PropertyValueSpecification","valueRequired":true,"valueName":"search_term_string"}}],"inLanguage":"it-IT"},{"@type":"Organization","@id":"https:\/\/www.azimutbenetti.com\/#organization","name":"Azimut | Benetti","url":"https:\/\/www.azimutbenetti.com\/","logo":{"@type":"ImageObject","inLanguage":"it-IT","@id":"https:\/\/www.azimutbenetti.com\/#\/schema\/logo\/image\/","url":"https:\/\/www.azimutbenetti.com\/app\/uploads\/2023\/04\/cropped-FAVICON_01.png","contentUrl":"https:\/\/www.azimutbenetti.com\/app\/uploads\/2023\/04\/cropped-FAVICON_01.png","width":512,"height":512,"caption":"Azimut | Benetti"},"image":{"@id":"https:\/\/www.azimutbenetti.com\/#\/schema\/logo\/image\/"}},{"@type":"Person","@id":"https:\/\/www.azimutbenetti.com\/#\/schema\/person\/a230cb3b9fe0a842c8347aca987544e4","name":"Marco Nepote Fus","image":{"@type":"ImageObject","inLanguage":"it-IT","@id":"https:\/\/www.azimutbenetti.com\/#\/schema\/person\/image\/","url":"https:\/\/secure.gravatar.com\/avatar\/10d44fdfac98b587bc3cb042c7afe823b2d124957e5fd8ec79ce01ea3320d02a?s=96&d=mm&r=g","contentUrl":"https:\/\/secure.gravatar.com\/avatar\/10d44fdfac98b587bc3cb042c7afe823b2d124957e5fd8ec79ce01ea3320d02a?s=96&d=mm&r=g","caption":"Marco Nepote Fus"}}]}},"_links":{"self":[{"href":"https:\/\/www.azimutbenetti.com\/it\/wp-json\/wp\/v2\/posts\/4383","targetHints":{"allow":["GET"]}}],"collection":[{"href":"https:\/\/www.azimutbenetti.com\/it\/wp-json\/wp\/v2\/posts"}],"about":[{"href":"https:\/\/www.azimutbenetti.com\/it\/wp-json\/wp\/v2\/types\/post"}],"author":[{"embeddable":true,"href":"https:\/\/www.azimutbenetti.com\/it\/wp-json\/wp\/v2\/users\/3"}],"replies":[{"embeddable":true,"href":"https:\/\/www.azimutbenetti.com\/it\/wp-json\/wp\/v2\/comments?post=4383"}],"version-history":[{"count":3,"href":"https:\/\/www.azimutbenetti.com\/it\/wp-json\/wp\/v2\/posts\/4383\/revisions"}],"predecessor-version":[{"id":4389,"href":"https:\/\/www.azimutbenetti.com\/it\/wp-json\/wp\/v2\/posts\/4383\/revisions\/4389"}],"wp:featuredmedia":[{"embeddable":true,"href":"https:\/\/www.azimutbenetti.com\/it\/wp-json\/wp\/v2\/media\/4370"}],"wp:attachment":[{"href":"https:\/\/www.azimutbenetti.com\/it\/wp-json\/wp\/v2\/media?parent=4383"}],"wp:term":[{"taxonomy":"category","embeddable":true,"href":"https:\/\/www.azimutbenetti.com\/it\/wp-json\/wp\/v2\/categories?post=4383"},{"taxonomy":"post_tag","embeddable":true,"href":"https:\/\/www.azimutbenetti.com\/it\/wp-json\/wp\/v2\/tags?post=4383"}],"curies":[{"name":"wp","href":"https:\/\/api.w.org\/{rel}","templated":true}]}}